{"id":8960,"date":"2009-08-17T16:07:16","date_gmt":"2009-08-17T20:07:16","guid":{"rendered":"http:\/\/www.redenoticia.com.br\/noticia\/?p=8960"},"modified":"2009-08-24T14:08:34","modified_gmt":"2009-08-24T18:08:34","slug":"esta-no-ar-o-novo-site-do-programa-preludio-da-tv-cultura","status":"publish","type":"post","link":"https:\/\/migracao.redenoticia.com.br\/noticia\/2009\/esta-no-ar-o-novo-site-do-programa-preludio-da-tv-cultura\/8960","title":{"rendered":"Est\u00e1 no ar o novo site do programa Prel\u00fadio da TV Cultura"},"content":{"rendered":"<p><span style=\"color: #0000ee; text-decoration: underline;\"><a href=\"https:\/\/migracao.redenoticia.com.br\/noticia\/imagens\/\/preludiotumb.jpg\"><img loading=\"lazy\" decoding=\"async\" class=\"alignleft size-full wp-image-9574\" title=\"preludiotumb\" src=\"https:\/\/migracao.redenoticia.com.br\/noticia\/imagens\/\/preludiotumb.jpg\" alt=\"preludiotumb\" width=\"150\" height=\"113\" \/><\/a><\/span>TV Cultura &#8211; Totalmente redesenhada, a p\u00e1gina passa a ter espa\u00e7o para a colabora\u00e7\u00e3o dos internautas e traz blog da produ\u00e7\u00e3o com os bastidores da atra\u00e7\u00e3o.\u00a0O site do programa <a href=\"http:\/\/www.tvcultura.com.br\/preludio\" target=\"_blank\">Prel\u00fadio<\/a>, que estreia sua quinta temporada em setembro na TV Cultura, foi totalmente reformulado. Est\u00e1 muito mais bonito, din\u00e2mico e interativo.\u00a0Entre os novos recursos que a p\u00e1gina oferece est\u00e3o o blog, alimentado pela pr\u00f3pria equipe de produ\u00e7\u00e3o com not\u00edcias e bastidores da atra\u00e7\u00e3o; e o V\u00eddeos dos Internautas, espa\u00e7o para novos talentos da m\u00fasica erudita postarem seus trabalhos. Os melhores v\u00eddeos ser\u00e3o exibidos na TV durante as edi\u00e7\u00f5es do Prel\u00fadio.\u00a0<br \/>\nDesenvolvida pelo departamento de Novas M\u00eddias da Funda\u00e7\u00e3o Padre Anchieta, o novo site traz ainda v\u00eddeos com os principais momentos das edi\u00e7\u00f5es anteriores do Prel\u00fadio \u2014 programa apresentado por Estela Ribeiro que visa revelar novos talentos da m\u00fasica erudita \u2014, galeria de fotos e perfil dos vencedores. Durante onze etapas, os candidatos se apresentam com a Orquestra Prel\u00fadio, regida pelo maestro J\u00falio Medaglia, idealizador e diretor art\u00edstico do programa. O vencedor ser\u00e1 solista de um concerto especial e ganhar\u00e1 uma Bolsa de Estudos na Alemanha, patrocinada pelo Instituto Goethe.<\/p>\n<p>As eliminat\u00f3rias da quinta temporada ser\u00e3o gravadas aos s\u00e1bados, entre 5 de setembro e 31 de outubro e exibidas pela TV Cultura todos os domingos, entre 27 de setembro e 6 de dezembro, com a grande final, ao vivo.\u00a0<\/p>\n<p>Prel\u00fadio conta com incentivo cultural da Lei Rouanet, apoio cultural O Botic\u00e1rio e Volkswagen do Brasil e apoio institucional do Instituto Goethe.<\/p>\n","protected":false},"excerpt":{"rendered":"<p>TV Cultura &#8211; Totalmente redesenhada, a p\u00e1gina passa a ter espa\u00e7o para a colabora\u00e7\u00e3o dos internautas e traz blog da produ\u00e7\u00e3o com os bastidores da atra\u00e7\u00e3o.\u00a0O site do programa Prel\u00fadio, que estreia sua quinta temporada em setembro na TV Cultura, foi totalmente reformulado. Est\u00e1 muito mais bonito, din\u00e2mico e interativo.\u00a0Entre os novos recursos que a [&hellip;]<\/p>\n","protected":false},"author":3,"featured_media":0,"comment_status":"open","ping_status":"open","sticky":false,"template":"","format":"standard","meta":{"tdm_status":"","tdm_grid_status":"","footnotes":""},"categories":[22,343],"tags":[],"class_list":{"0":"post-8960","1":"post","2":"type-post","3":"status-publish","4":"format-standard","6":"category-brasil","7":"category-televisao"},"_links":{"self":[{"href":"https:\/\/migracao.redenoticia.com.br\/noticia\/wp-json\/wp\/v2\/posts\/8960","targetHints":{"allow":["GET"]}}],"collection":[{"href":"https:\/\/migracao.redenoticia.com.br\/noticia\/wp-json\/wp\/v2\/posts"}],"about":[{"href":"https:\/\/migracao.redenoticia.com.br\/noticia\/wp-json\/wp\/v2\/types\/post"}],"author":[{"embeddable":true,"href":"https:\/\/migracao.redenoticia.com.br\/noticia\/wp-json\/wp\/v2\/users\/3"}],"replies":[{"embeddable":true,"href":"https:\/\/migracao.redenoticia.com.br\/noticia\/wp-json\/wp\/v2\/comments?post=8960"}],"version-history":[{"count":0,"href":"https:\/\/migracao.redenoticia.com.br\/noticia\/wp-json\/wp\/v2\/posts\/8960\/revisions"}],"wp:attachment":[{"href":"https:\/\/migracao.redenoticia.com.br\/noticia\/wp-json\/wp\/v2\/media?parent=8960"}],"wp:term":[{"taxonomy":"category","embeddable":true,"href":"https:\/\/migracao.redenoticia.com.br\/noticia\/wp-json\/wp\/v2\/categories?post=8960"},{"taxonomy":"post_tag","embeddable":true,"href":"https:\/\/migracao.redenoticia.com.br\/noticia\/wp-json\/wp\/v2\/tags?post=8960"}],"curies":[{"name":"wp","href":"https:\/\/api.w.org\/{rel}","templated":true}]}}