{"id":89654,"date":"2016-07-05T19:04:39","date_gmt":"2016-07-05T22:04:39","guid":{"rendered":"http:\/\/www.redenoticia.com.br\/noticia\/?p=89654"},"modified":"2016-07-05T15:10:11","modified_gmt":"2016-07-05T18:10:11","slug":"novela-cumplices-de-um-resgate-resumo-0607-nina-fala-sobre-confusao-com-fiorina","status":"publish","type":"post","link":"https:\/\/migracao.redenoticia.com.br\/noticia\/2016\/novela-cumplices-de-um-resgate-resumo-0607-nina-fala-sobre-confusao-com-fiorina\/89654","title":{"rendered":"Novela \u201cC\u00famplices de um Resgate\u201d resumo 06\/07: Nina fala sobre confus\u00e3o com Fiorina"},"content":{"rendered":"<p> <img loading=\"lazy\" decoding=\"async\" class=\"alignleft size-thumbnail wp-image-71351\" src=\"https:\/\/migracao.redenoticia.com.br\/noticia\/imagens\/cumplices_de_um_resgate_sbt_novela_resumo-150x112.jpg\" alt=\"cumplices_de_um_resgate_sbt_novela_resumo\" width=\"150\" height=\"112\" srcset=\"https:\/\/migracao.redenoticia.com.br\/noticia\/imagens\/cumplices_de_um_resgate_sbt_novela_resumo-150x112.jpg 150w, https:\/\/migracao.redenoticia.com.br\/noticia\/imagens\/cumplices_de_um_resgate_sbt_novela_resumo-265x198.jpg 265w\" sizes=\"auto, (max-width: 150px) 100vw, 150px\" \/><strong><em>Novela \u201cC\u00famplices de um Resgate\u201d resumo 06\/07<\/em><\/strong>: no vilarejo, as crian\u00e7as desejam saber o porqu\u00ea da briga entre Fioriana e Nina continua. Ent\u00e3o, Nina conta para Manuela sobre quando chegou ao Vilarejo dos Sonhos e como come\u00e7ou a confus\u00e3o com dona Fiorina. Enquanto isso, Fiorina conta para T\u00e9o como come\u00e7ou o seu desentendimento com Nina, por conta de Giuseppe. Por fim, Giuseppe conta para Mateus e D\u00f3ris como Fiorina e Nina come\u00e7aram a brigar por conta dele. Com certeza, depois das informa\u00e7\u00f5es, as crian\u00e7as v\u00e3o tomar uma atitude sobre essa situa\u00e7\u00e3o.<\/p>\n<p>No cap\u00edtulo 243(*), novela \u201cC\u00famplice de um Resgate\u201d, quarta-feira, 06 de julho \u2013 Nina conta para Manuela sobre quando chegou no Vilarejo dos Sonhos e como come\u00e7ou a confus\u00e3o com dona Fiorina. Enquanto isso, Fiorina conta para T\u00e9o como come\u00e7ou o seu desentendimento com Nina, por conta de Giuseppe. <\/p>\n<p>Por fim, Giuseppe conta para Mateus e D\u00f3ris como Fiorina e Nina come\u00e7aram a brigar por conta dele. Frederico acha que foi Tomas que causou o acidente de Ot\u00e1vio, mas v\u00ea que estava errado. Flora vai para a entrevista de emprego na On-Enterprise para a vaga de copeira ou faxineira. <\/p>\n<p>O pastor vai at\u00e9 o hospital orar por Ot\u00e1vio. O advogado contratado por Geraldo para prejudicar Vicente joga fora as provas que poderiam ajudar o pai de Andr\u00e9.<\/p>\n<p>(*) edi\u00e7\u00e3o do SBT, Novela \u201cC\u00famplices de um Resgate\u201d, sujeito a altera\u00e7\u00e3o de data e conte\u00fado.<\/p>\n","protected":false},"excerpt":{"rendered":"<p>Novela \u201cC\u00famplices de um Resgate\u201d resumo 06\/07: no vilarejo, as crian\u00e7as desejam saber o porqu\u00ea da briga entre Fioriana e Nina continua. Ent\u00e3o, Nina conta para Manuela sobre quando chegou ao Vilarejo dos Sonhos e como come\u00e7ou a confus\u00e3o com dona Fiorina. Enquanto isso, Fiorina conta para T\u00e9o como come\u00e7ou o seu desentendimento com Nina, [&hellip;]<\/p>\n","protected":false},"author":2,"featured_media":71351,"comment_status":"open","ping_status":"closed","sticky":false,"template":"","format":"standard","meta":{"tdm_status":"","tdm_grid_status":"","footnotes":""},"categories":[379,372,343],"tags":[441],"class_list":{"0":"post-89654","1":"post","2":"type-post","3":"status-publish","4":"format-standard","5":"has-post-thumbnail","7":"category-novelas","8":"category-sbt","9":"category-televisao","10":"tag-resumo-do-dia"},"_links":{"self":[{"href":"https:\/\/migracao.redenoticia.com.br\/noticia\/wp-json\/wp\/v2\/posts\/89654","targetHints":{"allow":["GET"]}}],"collection":[{"href":"https:\/\/migracao.redenoticia.com.br\/noticia\/wp-json\/wp\/v2\/posts"}],"about":[{"href":"https:\/\/migracao.redenoticia.com.br\/noticia\/wp-json\/wp\/v2\/types\/post"}],"author":[{"embeddable":true,"href":"https:\/\/migracao.redenoticia.com.br\/noticia\/wp-json\/wp\/v2\/users\/2"}],"replies":[{"embeddable":true,"href":"https:\/\/migracao.redenoticia.com.br\/noticia\/wp-json\/wp\/v2\/comments?post=89654"}],"version-history":[{"count":0,"href":"https:\/\/migracao.redenoticia.com.br\/noticia\/wp-json\/wp\/v2\/posts\/89654\/revisions"}],"wp:featuredmedia":[{"embeddable":true,"href":"https:\/\/migracao.redenoticia.com.br\/noticia\/wp-json\/wp\/v2\/media\/71351"}],"wp:attachment":[{"href":"https:\/\/migracao.redenoticia.com.br\/noticia\/wp-json\/wp\/v2\/media?parent=89654"}],"wp:term":[{"taxonomy":"category","embeddable":true,"href":"https:\/\/migracao.redenoticia.com.br\/noticia\/wp-json\/wp\/v2\/categories?post=89654"},{"taxonomy":"post_tag","embeddable":true,"href":"https:\/\/migracao.redenoticia.com.br\/noticia\/wp-json\/wp\/v2\/tags?post=89654"}],"curies":[{"name":"wp","href":"https:\/\/api.w.org\/{rel}","templated":true}]}}