{"id":8967,"date":"2009-08-17T16:17:44","date_gmt":"2009-08-17T20:17:44","guid":{"rendered":"http:\/\/www.redenoticia.com.br\/noticia\/?p=8967"},"modified":"2009-08-17T16:17:44","modified_gmt":"2009-08-17T20:17:44","slug":"carefree%c2%ae-patrocina-premio-multishow","status":"publish","type":"post","link":"https:\/\/migracao.redenoticia.com.br\/noticia\/2009\/carefree%c2%ae-patrocina-premio-multishow\/8967","title":{"rendered":"Carefree\u00ae patrocina Pr\u00eamio Multishow"},"content":{"rendered":"<p>Pela primeira vez, Carefree\u00ae a marca de cuidados \u00edntimos da Johnson &amp; Johnson \u00e9 uma das patrocinadoras do Pr\u00eamio Multishow de M\u00fasica Brasileira. Em sua 16\u00aa edi\u00e7\u00e3o, o evento re\u00fane os principais artistas nacionais e conta com uma participa\u00e7\u00e3o ativa do p\u00fablico, j\u00e1 que \u00e9 ele quem escolhe os indicados e os grandes vencedores. &#8220;Este \u00e9 o evento mais top do canal e possui uma super afinidade do target e alta audi\u00eancia. Al\u00e9m disso, \u00e9 um tipo de evento que gera muita m\u00eddia espont\u00e2nea e entrega diferentes pontos de contatos para explorar a marca. Dessa maneira, achamos uma proposta interessante para inserir o Carefree\u00ae e torn\u00e1-lo relevante junto a esses formadores de opini\u00e3o&#8221;, explica Priscilla Carvalho, Diretora de Atendimento da BorghiErh\/Lowe, ag\u00eancia respons\u00e1vel pela marca.<\/p>\n<p>A premia\u00e7\u00e3o ser\u00e1 realizada no dia 18 de agosto, no Citibank Hall, no Rio de Janeiro, e contar\u00e1 com a apresenta\u00e7\u00e3o da atriz Fernanda Torres. Ap\u00f3s o evento, os convidados se dirigir\u00e3o ao espa\u00e7o carioca Itanhang\u00e1 Golf Club, onde encontrar\u00e3o algumas a\u00e7\u00f5es especiais da marca.<\/p>\n<p>Adesivos nos espelhos, samplings e cartazes nas portas dos banheiros femininos far\u00e3o parte do trabalho de ambienta\u00e7\u00e3o. A id\u00e9ia \u00e9 fazer uma brincadeira de que \u00e9 necess\u00e1rio usar o Carefree\u00ae para preservar o encanto e n\u00e3o virar ab\u00f3bora durante a festa.<\/p>\n<p>Neste ano, o evento traz o conceito &#8220;Misture-se&#8221;, que ser\u00e1 explorado em diversos aspectos, como a uni\u00e3o de artistas dos mais diferentes estilos musicais e duplas inusitadas respons\u00e1veis pela entrega dos pr\u00eamios.<\/p>\n<p>Outro destaque desta edi\u00e7\u00e3o \u00e9 a categoria TVZ\u00e9 , onde ser\u00e1 chamado ao palco o internauta que enviou a melhor par\u00f3dia. A tradicional categoria homenagem, que j\u00e1 contemplou talentos como LuLu Santos, Raul Seixas, Herbert Viana, C\u00e1ssia Eller, Tim Maia, Erasmo Carlos, entre outros, tamb\u00e9m promete ser um dos pontos altos do Pr\u00eamio Multishow.<\/p>\n","protected":false},"excerpt":{"rendered":"<p>Pela primeira vez, Carefree\u00ae a marca de cuidados \u00edntimos da Johnson &amp; Johnson \u00e9 uma das patrocinadoras do Pr\u00eamio Multishow de M\u00fasica Brasileira. Em sua 16\u00aa edi\u00e7\u00e3o, o evento re\u00fane os principais artistas nacionais e conta com uma participa\u00e7\u00e3o ativa do p\u00fablico, j\u00e1 que \u00e9 ele quem escolhe os indicados e os grandes vencedores. &#8220;Este [&hellip;]<\/p>\n","protected":false},"author":3,"featured_media":0,"comment_status":"open","ping_status":"open","sticky":false,"template":"","format":"standard","meta":{"tdm_status":"","tdm_grid_status":"","footnotes":""},"categories":[22,343],"tags":[],"class_list":{"0":"post-8967","1":"post","2":"type-post","3":"status-publish","4":"format-standard","6":"category-brasil","7":"category-televisao"},"_links":{"self":[{"href":"https:\/\/migracao.redenoticia.com.br\/noticia\/wp-json\/wp\/v2\/posts\/8967","targetHints":{"allow":["GET"]}}],"collection":[{"href":"https:\/\/migracao.redenoticia.com.br\/noticia\/wp-json\/wp\/v2\/posts"}],"about":[{"href":"https:\/\/migracao.redenoticia.com.br\/noticia\/wp-json\/wp\/v2\/types\/post"}],"author":[{"embeddable":true,"href":"https:\/\/migracao.redenoticia.com.br\/noticia\/wp-json\/wp\/v2\/users\/3"}],"replies":[{"embeddable":true,"href":"https:\/\/migracao.redenoticia.com.br\/noticia\/wp-json\/wp\/v2\/comments?post=8967"}],"version-history":[{"count":0,"href":"https:\/\/migracao.redenoticia.com.br\/noticia\/wp-json\/wp\/v2\/posts\/8967\/revisions"}],"wp:attachment":[{"href":"https:\/\/migracao.redenoticia.com.br\/noticia\/wp-json\/wp\/v2\/media?parent=8967"}],"wp:term":[{"taxonomy":"category","embeddable":true,"href":"https:\/\/migracao.redenoticia.com.br\/noticia\/wp-json\/wp\/v2\/categories?post=8967"},{"taxonomy":"post_tag","embeddable":true,"href":"https:\/\/migracao.redenoticia.com.br\/noticia\/wp-json\/wp\/v2\/tags?post=8967"}],"curies":[{"name":"wp","href":"https:\/\/api.w.org\/{rel}","templated":true}]}}