{"id":89690,"date":"2016-07-06T10:02:31","date_gmt":"2016-07-06T13:02:31","guid":{"rendered":"http:\/\/www.redenoticia.com.br\/noticia\/?p=89690"},"modified":"2016-07-05T16:59:36","modified_gmt":"2016-07-05T19:59:36","slug":"acessasp-abre-inscricoes-para-cursos-gratuitos","status":"publish","type":"post","link":"https:\/\/migracao.redenoticia.com.br\/noticia\/2016\/acessasp-abre-inscricoes-para-cursos-gratuitos\/89690","title":{"rendered":"AcessaSP abre inscri\u00e7\u00f5es para cursos gratuitos"},"content":{"rendered":"<p> O AcessaSP, programa de inclus\u00e3o digital do\u00a0Governo do Estado de S\u00e3o Paulo,\u00a0oferece diversos <strong><em>cursos gratuitos<\/em><\/strong> este m\u00eas. Confira a programa\u00e7\u00e3o: <\/p>\n<p>INFORM\u00c1TICA PARA INICIANTES<br \/>\nO curso oferece no\u00e7\u00f5es b\u00e1sicas de inform\u00e1tica para iniciantes que precisam ter conhecimento m\u00ednimo para o mercado de trabalho. O que \u00e9 o computador, seus acess\u00f3rios e perif\u00e9ricos? Quais as diferen\u00e7as entre notebooks, tablets e smartphones? Essas ser\u00e3o algumas quest\u00f5es tratadas nesta oficina apresentada em 6 encontros, com atividades pr\u00e1ticas que envolvem din\u00e2micas de grupo e desafios de racioc\u00ednio.<\/p>\n<p>In\u00edcio: 11 de julho<br \/>\nDias: Segundas e quartas-feiras<br \/>\nHor\u00e1rio: Das 9h \u00e0s 11h<br \/>\nDura\u00e7\u00e3o: 3 semanas<br \/>\nLocal: Parque da Juventude \u2013 Carandiru<\/p>\n<p>ESCRIT\u00d3RIO DIGITAL<br \/>\nDestinado \u00e0s pessoas que possuem conhecimento em inform\u00e1tica e precisam desenvolver aptid\u00f5es com as novas tecnologias. O curso \u00e9 apresentado em 6 encontros e contar\u00e1 com atividades pr\u00e1ticas e direcionadas ao mercado de trabalho.<\/p>\n<p>In\u00edcio: 11 de julho<br \/>\nDias: Segundas e quartas-feiras<br \/>\nHor\u00e1rio: Das 16h \u00e0s 18h<br \/>\nDura\u00e7\u00e3o: 3 semanas<br \/>\nLocal: Parque da Juventude \u2013 Carandiru<\/p>\n<p>ESCRIT\u00d3RIO\u00a0N\u00d4MADE\u00a0&#8211; o uso de dispositivos m\u00f3veis no trabalho<br \/>\nA oficina Escrit\u00f3rio N\u00f4made \u00e9 uma s\u00e9rie de 6 encontros que fala sobre o uso de dispositivos m\u00f3veis para otimizar o dia a dia das pessoas, seja na vida particular ou no trabalho.<\/p>\n<p>In\u00edcio: 11 de julho<br \/>\nDias: Segundas e quartas-feiras<br \/>\nHor\u00e1rio: Das 13h30 \u00e0s 15h30<br \/>\nDura\u00e7\u00e3o: 3 semanas<br \/>\nLocal: Parque da Juventude \u2013 Carandiru<br \/>\n* Necess\u00e1rio possuir smartphone ou tablet<\/p>\n<p>IDIOMAS \u2013 Pr\u00e1ticas em ingl\u00eas<br \/>\nA oficina de idiomas tem como objetivo envolver o participante na cultura globalizada, atrav\u00e9s de atividades interativas com situa\u00e7\u00f5es que enfrentamos em nosso cotidiano. Atrav\u00e9s de pr\u00e1ticas com uso de recursos multim\u00eddia e sa\u00eddas externas, os conte\u00fados apresentados ser\u00e3o \u00fateis para quem trabalha e precisa se comunicar com estrangeiros, para viajantes e aqueles que est\u00e3o em busca de emprego. O curso \u00e9 destinado a todas as idades.<\/p>\n<p>In\u00edcio: 11 de julho<br \/>\nDias: Segundas, quartas e sextas-feiras<br \/>\nHor\u00e1rio: Das 10h \u00e0s 12h<br \/>\nDura\u00e7\u00e3o: 4 semanas<br \/>\nLocal: Parque da Juventude \u2013 Carandiru<\/p>\n<p>LIBRAS<br \/>\nAtrav\u00e9s de atividades pr\u00e1ticas os ouvintes conhecer\u00e3o o universo dos surdos e saber\u00e3o como se comunicar com eles no trabalho, na rua ou mesmo em espa\u00e7os de conviv\u00eancias. Destinado principalmente aos profissionais da \u00e1rea de atendimento ao p\u00fablico e familiares que t\u00eam dificuldade em se comunicar com um parente, mas tamb\u00e9m aberto a todos que queiram aprender uma segunda l\u00edngua. A oficina \u00e9 orientada por uma instrutora surda.<\/p>\n<p>In\u00edcio: 11 de julho<br \/>\nDias: Segundas, quartas e sextas-feiras<br \/>\nHor\u00e1rio: Das 17h \u00e0s 19h<br \/>\nDura\u00e7\u00e3o: 4 semanas<br \/>\nLocal: Parque da Juventude \u2013 Carandiru<\/p>\n<p>Para se inscrever em qualquer um dos cursos, envie um e-mail para. Mais informa\u00e7\u00f5es, .<\/p>\n<p>Do Portal do Governo do Estado SP<\/p>\n","protected":false},"excerpt":{"rendered":"<p>O AcessaSP, programa de inclus\u00e3o digital do\u00a0Governo do Estado de S\u00e3o Paulo,\u00a0oferece diversos cursos gratuitos este m\u00eas. Confira a programa\u00e7\u00e3o: INFORM\u00c1TICA PARA INICIANTES O curso oferece no\u00e7\u00f5es b\u00e1sicas de inform\u00e1tica para iniciantes que precisam ter conhecimento m\u00ednimo para o mercado de trabalho. O que \u00e9 o computador, seus acess\u00f3rios e perif\u00e9ricos? Quais as diferen\u00e7as entre [&hellip;]<\/p>\n","protected":false},"author":2,"featured_media":37419,"comment_status":"open","ping_status":"closed","sticky":false,"template":"","format":"standard","meta":{"tdm_status":"","tdm_grid_status":"","footnotes":""},"categories":[22,351,370],"tags":[],"class_list":{"0":"post-89690","1":"post","2":"type-post","3":"status-publish","4":"format-standard","5":"has-post-thumbnail","7":"category-brasil","8":"category-cursos","9":"category-inscricao"},"_links":{"self":[{"href":"https:\/\/migracao.redenoticia.com.br\/noticia\/wp-json\/wp\/v2\/posts\/89690","targetHints":{"allow":["GET"]}}],"collection":[{"href":"https:\/\/migracao.redenoticia.com.br\/noticia\/wp-json\/wp\/v2\/posts"}],"about":[{"href":"https:\/\/migracao.redenoticia.com.br\/noticia\/wp-json\/wp\/v2\/types\/post"}],"author":[{"embeddable":true,"href":"https:\/\/migracao.redenoticia.com.br\/noticia\/wp-json\/wp\/v2\/users\/2"}],"replies":[{"embeddable":true,"href":"https:\/\/migracao.redenoticia.com.br\/noticia\/wp-json\/wp\/v2\/comments?post=89690"}],"version-history":[{"count":0,"href":"https:\/\/migracao.redenoticia.com.br\/noticia\/wp-json\/wp\/v2\/posts\/89690\/revisions"}],"wp:featuredmedia":[{"embeddable":true,"href":"https:\/\/migracao.redenoticia.com.br\/noticia\/wp-json\/wp\/v2\/media\/37419"}],"wp:attachment":[{"href":"https:\/\/migracao.redenoticia.com.br\/noticia\/wp-json\/wp\/v2\/media?parent=89690"}],"wp:term":[{"taxonomy":"category","embeddable":true,"href":"https:\/\/migracao.redenoticia.com.br\/noticia\/wp-json\/wp\/v2\/categories?post=89690"},{"taxonomy":"post_tag","embeddable":true,"href":"https:\/\/migracao.redenoticia.com.br\/noticia\/wp-json\/wp\/v2\/tags?post=89690"}],"curies":[{"name":"wp","href":"https:\/\/api.w.org\/{rel}","templated":true}]}}