{"id":8971,"date":"2009-08-17T16:41:10","date_gmt":"2009-08-17T20:41:10","guid":{"rendered":"http:\/\/www.redenoticia.com.br\/noticia\/?p=8971"},"modified":"2009-08-17T16:41:10","modified_gmt":"2009-08-17T20:41:10","slug":"previsao-do-tempo-no-vale-do-paraiba-litoral-norte-e-serra-da-mantiqueira-de-18-a-2008","status":"publish","type":"post","link":"https:\/\/migracao.redenoticia.com.br\/noticia\/2009\/previsao-do-tempo-no-vale-do-paraiba-litoral-norte-e-serra-da-mantiqueira-de-18-a-2008\/8971","title":{"rendered":"Previs\u00e3o do tempo no Vale do Para\u00edba, Litoral Norte e Serra da Mantiqueira de 18 a 20\/08"},"content":{"rendered":"<p>Nesta ter\u00e7a-feira (18\/08), o dia ser\u00e1 de varia\u00e7\u00e3o de nebulosidade e haver\u00e1 pequena chance de pancada de chuva isolada nas \u00e1reas do Alto vale no final do dia. As temperaturas m\u00e1ximas estar\u00e3o est\u00e1veis. \u00a0Na quarta-feira (19\/08) e quinta-feira (20\/08), a instabilidade aumenta, e por isso o dia ser\u00e1 nublado com pancadas de chuva. Poder\u00e3o ocorrer chuvas localmente fortes. As temperaturas m\u00e1ximas sofrer\u00e3o pequeno decl\u00ednio.\u00a0<\/p>\n<p>Tend\u00eancia para os pr\u00f3ximos dias:<br \/>\nNa sexta-feira (20\/08), as pancadas de chuva ficar\u00e3o concentradas no Vale Hist\u00f3rico, com chuvas isoladas nas demais \u00e1reas. Espera-se que uma nova onda de frio atinja a regi\u00e3o a partir deste dia.<br \/>\nNo fim de semana haver\u00e1 queda significativa das temperaturas em toda a regi\u00e3o.<\/p>\n<p>O Centro de Previs\u00e3o de Tempo e Estudos Clim\u00e1ticos \u2013 CPTEC, do Instituto Nacional de Pesquisas Espaciais \u2013 INPE \u00e9 o passaporte do Brasil para o primeiro mundo das previs\u00f5es meteorol\u00f3gicas. Os supercomputadores vetoriais SX-6 e SX-4 fabricados pela NEC Corporation do Jap\u00e3o, possuem capacidade de processar at\u00e9 768 bilh\u00f5es e 16 bilh\u00f5es de opera\u00e7\u00f5es aritm\u00e9ticas em ponto flutuante por segundo respectivamente. Recentemente adquirido da \u201cNEC Corporation do Jap\u00e3o\u201d um cluster com 1100 processadores fabricado pela \u201cSUN Microsystem\u201d com a capacidade de processar at\u00e9 5.7 trilh\u00f5es de opera\u00e7\u00f5es aritm\u00e9ticas em ponto flutuante por segundo. Isso significa possibilidade de utilizar modelos num\u00e9ricos para simula\u00e7\u00e3o de tempo e clima, integrando informa\u00e7\u00f5es atmosf\u00e9ricas e oce\u00e2nicas. O resultado disso s\u00e3o previs\u00f5es de tempo confi\u00e1veis, para todo o pa\u00eds.\u00a0<\/p>\n<p>O sistema de computa\u00e7\u00e3o \u00e9 alimentado por informa\u00e7\u00f5es derivadas dos sat\u00e9lites Meteosat e Goes, da rede de dados da Organiza\u00e7\u00e3o Meteorol\u00f3gica Mundial (WMO) e das redes nacionais sob a responsabilidade do INMET (Minist\u00e9rio da Agricultura). Outras informa\u00e7\u00f5es v\u00eam do DEPV (Minist\u00e9rio da Aeron\u00e1utica), DHN (Minist\u00e9rio da Marinha), centros estaduais de meteorologia e de outros centros internacionais. O sat\u00e9lite brasileiro (SCD-1), que coleta dados ambientais, tamb\u00e9m desempenha papel importante no levantamento de informa\u00e7\u00f5es necess\u00e1rias \u00e0 pesquisa meteorol\u00f3gica no INPE.<\/p>\n<p>CPTEC\/INPE<\/p>\n","protected":false},"excerpt":{"rendered":"<p>Nesta ter\u00e7a-feira (18\/08), o dia ser\u00e1 de varia\u00e7\u00e3o de nebulosidade e haver\u00e1 pequena chance de pancada de chuva isolada nas \u00e1reas do Alto vale no final do dia. As temperaturas m\u00e1ximas estar\u00e3o est\u00e1veis. \u00a0Na quarta-feira (19\/08) e quinta-feira (20\/08), a instabilidade aumenta, e por isso o dia ser\u00e1 nublado com pancadas de chuva. Poder\u00e3o ocorrer [&hellip;]<\/p>\n","protected":false},"author":3,"featured_media":0,"comment_status":"open","ping_status":"open","sticky":false,"template":"","format":"standard","meta":{"tdm_status":"","tdm_grid_status":"","footnotes":""},"categories":[22,327],"tags":[],"class_list":{"0":"post-8971","1":"post","2":"type-post","3":"status-publish","4":"format-standard","6":"category-brasil","7":"category-clima"},"_links":{"self":[{"href":"https:\/\/migracao.redenoticia.com.br\/noticia\/wp-json\/wp\/v2\/posts\/8971","targetHints":{"allow":["GET"]}}],"collection":[{"href":"https:\/\/migracao.redenoticia.com.br\/noticia\/wp-json\/wp\/v2\/posts"}],"about":[{"href":"https:\/\/migracao.redenoticia.com.br\/noticia\/wp-json\/wp\/v2\/types\/post"}],"author":[{"embeddable":true,"href":"https:\/\/migracao.redenoticia.com.br\/noticia\/wp-json\/wp\/v2\/users\/3"}],"replies":[{"embeddable":true,"href":"https:\/\/migracao.redenoticia.com.br\/noticia\/wp-json\/wp\/v2\/comments?post=8971"}],"version-history":[{"count":0,"href":"https:\/\/migracao.redenoticia.com.br\/noticia\/wp-json\/wp\/v2\/posts\/8971\/revisions"}],"wp:attachment":[{"href":"https:\/\/migracao.redenoticia.com.br\/noticia\/wp-json\/wp\/v2\/media?parent=8971"}],"wp:term":[{"taxonomy":"category","embeddable":true,"href":"https:\/\/migracao.redenoticia.com.br\/noticia\/wp-json\/wp\/v2\/categories?post=8971"},{"taxonomy":"post_tag","embeddable":true,"href":"https:\/\/migracao.redenoticia.com.br\/noticia\/wp-json\/wp\/v2\/tags?post=8971"}],"curies":[{"name":"wp","href":"https:\/\/api.w.org\/{rel}","templated":true}]}}