{"id":8973,"date":"2009-08-17T16:42:06","date_gmt":"2009-08-17T20:42:06","guid":{"rendered":"http:\/\/www.redenoticia.com.br\/noticia\/?p=8973"},"modified":"2009-08-17T16:42:06","modified_gmt":"2009-08-17T20:42:06","slug":"4-cantos-lancam-cd-e-dvd-ao-vivo","status":"publish","type":"post","link":"https:\/\/migracao.redenoticia.com.br\/noticia\/2009\/4-cantos-lancam-cd-e-dvd-ao-vivo\/8973","title":{"rendered":"4 Cantos lan\u00e7am CD e DVD ao vivo"},"content":{"rendered":"<p>Uma viagem pela m\u00fasica e literatura brasileiras, com uma pausa dedicada \u00e0 poesia. Entre as refer\u00eancias, um mix de g\u00eaneros musicais que v\u00e3o desde a bossa nova at\u00e9 o rock internacional.<\/p>\n<p>Entre as inspira\u00e7\u00f5es, est\u00e3o o cotidiano urbano das grandes cidades e as viv\u00eancias e ra\u00edzes dos seus integrantes. Assim \u00e9 a 4 Cantos, banda paranaense formada, no ano passado, por Cassyano, Maycon, Rog\u00e9rio, Guto Teixeira e Leomaristi, que acaba de lan\u00e7ar o CD e o DVD \u201c4 Cantos Ao Vivo em Curitiba\u201d.<\/p>\n<p>Gravado em abril de 2009, o CD traz 14 m\u00fasicas e duas faixas b\u00f4nus remasterizadas de grava\u00e7\u00f5es em est\u00fadio e o DVD conta com 17 m\u00fasicas e os extras, onde o p\u00fablico pode conferir as origens da banda, influ\u00eancias, conversas de camarim e parte do processo de produ\u00e7\u00e3o do material. Todas as Can\u00e7\u00f5es s\u00e3o de autoria pr\u00f3pria, entre in\u00e9ditas e regrava\u00e7\u00f5es de temas da antiga banda do grupo, que se chamava Escola de Rob\u00f4.<\/p>\n<p>\u201cMuitas das m\u00fasicas desse primeiro trabalho s\u00e3o in\u00e9ditas e ser\u00e3o apresentadas ao p\u00fablico j\u00e1 em sua vers\u00e3o ao vivo. N\u00f3s esperamos que as pessoas gostem da energia que elas passam e que est\u00e1 registrada na grava\u00e7\u00e3o\u201d, diz o vocalista Cassyano. Ele conta tamb\u00e9m que a estr\u00e9ia da 4 Cantos, com o lan\u00e7amento de um CD e DVD ao vivo, representa a realiza\u00e7\u00e3o de um sonho e, ao mesmo tempo, um grande desafio.<\/p>\n<p>No palco do show de grava\u00e7\u00e3o, lamparinas coloridas, lona de caminh\u00e3o e instrumentos incomuns, como bombo leguero, escaleta, lap steel e ukelele, mesclavam-se aos tradicionais viol\u00e3o, guitarra, piano de calda, baixo e bateria. Cen\u00e1rio cuidadosamente planejado para compor com o estilo da banda, o folk rock.<\/p>\n<p>A m\u00fasica de trabalho \u00e9 \u201cSer Jo\u00e3o ou ser Jos\u00e9\u201d, que descreve situa\u00e7\u00f5es do cotidiano do interior paranaense. Segundo Cassyano, a letra \u00e9 inspirada no livro \u2018Terra Vermelha\u2019, de Domingos Pellegrini; um romance \u00e9pico sobre a coloniza\u00e7\u00e3o do norte do estado e o nascimento da cidade de Londrina. \u201cNo arranjo destacam-se a fus\u00e3o de viol\u00f5es e guitarras, a simplicidade da escaleta e as c\u00e9lulas r\u00edtmicas que remetem ao folk e \u00e0 m\u00fasica regional paranaense\u201d, explica. O CD e o DVD contam, tamb\u00e9m, com duas m\u00fasicas em espanhol: Extranjero e Luna y Sol.<\/p>\n<p>\u201cAgora, o plano da 4 Cantos \u00e9 divulgar extensamente o trabalho at\u00e9 o fim deste ano e em 2010\u201d, conclui o vocalista. O CD e o DVD chegam \u00e0s lojas em agosto de 2009 e o grupo prepara uma temporada de shows de divulga\u00e7\u00e3o para Curitiba e todo interior do Paran\u00e1, antes de se lan\u00e7ar para os quatro cantos do Brasil.<\/p>\n","protected":false},"excerpt":{"rendered":"<p>Uma viagem pela m\u00fasica e literatura brasileiras, com uma pausa dedicada \u00e0 poesia. Entre as refer\u00eancias, um mix de g\u00eaneros musicais que v\u00e3o desde a bossa nova at\u00e9 o rock internacional. Entre as inspira\u00e7\u00f5es, est\u00e3o o cotidiano urbano das grandes cidades e as viv\u00eancias e ra\u00edzes dos seus integrantes. Assim \u00e9 a 4 Cantos, banda [&hellip;]<\/p>\n","protected":false},"author":2,"featured_media":0,"comment_status":"open","ping_status":"open","sticky":false,"template":"","format":"standard","meta":{"tdm_status":"","tdm_grid_status":"","footnotes":""},"categories":[22],"tags":[],"class_list":{"0":"post-8973","1":"post","2":"type-post","3":"status-publish","4":"format-standard","6":"category-brasil"},"_links":{"self":[{"href":"https:\/\/migracao.redenoticia.com.br\/noticia\/wp-json\/wp\/v2\/posts\/8973","targetHints":{"allow":["GET"]}}],"collection":[{"href":"https:\/\/migracao.redenoticia.com.br\/noticia\/wp-json\/wp\/v2\/posts"}],"about":[{"href":"https:\/\/migracao.redenoticia.com.br\/noticia\/wp-json\/wp\/v2\/types\/post"}],"author":[{"embeddable":true,"href":"https:\/\/migracao.redenoticia.com.br\/noticia\/wp-json\/wp\/v2\/users\/2"}],"replies":[{"embeddable":true,"href":"https:\/\/migracao.redenoticia.com.br\/noticia\/wp-json\/wp\/v2\/comments?post=8973"}],"version-history":[{"count":0,"href":"https:\/\/migracao.redenoticia.com.br\/noticia\/wp-json\/wp\/v2\/posts\/8973\/revisions"}],"wp:attachment":[{"href":"https:\/\/migracao.redenoticia.com.br\/noticia\/wp-json\/wp\/v2\/media?parent=8973"}],"wp:term":[{"taxonomy":"category","embeddable":true,"href":"https:\/\/migracao.redenoticia.com.br\/noticia\/wp-json\/wp\/v2\/categories?post=8973"},{"taxonomy":"post_tag","embeddable":true,"href":"https:\/\/migracao.redenoticia.com.br\/noticia\/wp-json\/wp\/v2\/tags?post=8973"}],"curies":[{"name":"wp","href":"https:\/\/api.w.org\/{rel}","templated":true}]}}