{"id":8974,"date":"2009-08-17T16:42:47","date_gmt":"2009-08-17T20:42:47","guid":{"rendered":"http:\/\/www.redenoticia.com.br\/noticia\/?p=8974"},"modified":"2009-08-17T16:42:47","modified_gmt":"2009-08-17T20:42:47","slug":"previsao-do-tempo-na-regiao-sudeste-de-18-a-2008","status":"publish","type":"post","link":"https:\/\/migracao.redenoticia.com.br\/noticia\/2009\/previsao-do-tempo-na-regiao-sudeste-de-18-a-2008\/8974","title":{"rendered":"Previs\u00e3o do tempo na Regi\u00e3o Sudeste de 18 a 20\/08"},"content":{"rendered":"<p>18\/08\/2009: No sul e no sudoeste de SP: nublado com pancadas de chuva localmente forte a qualquer hora do dia. Na faixa central de SP: sol com varia\u00e7\u00e3o de nuvens e pancadas de chuva \u00e0 tarde. No nordeste do ES: inst\u00e1vel com muitas nuvens e chuva a qualquer hora. No noroeste do ES e no nordeste de MG: nublado com chuva isolada. No oeste de MG: predom\u00ednio de sol. Nas demais \u00e1reas da Regi\u00e3o: sol com varia\u00e7\u00e3o de nuvens. As temperaturas m\u00e1ximas estar\u00e3o em decl\u00ednio em SP. Temperatura m\u00e1xima: 32C no noroeste de SP. Temperatura m\u00ednima: 11C a Serra da Mantiqueira.\u00a0<\/p>\n<p>19\/08\/2009: Em SP e no Sul de Minas: nublado com pancadas de chuva localmente forte a qualquer hora. No RS e no sudeste de MG: sol com varia\u00e7\u00e3o de nuvens e pancadas de chuva \u00e0 tarde. Nas demais \u00e1reas da Regi\u00e3o: sol entre poucas nuvens. As temperaturas estar\u00e3o amenas em SP.<\/p>\n<p>Tend\u00eancia 20\/08\/2009: No centro-norte de MG: sol entre poucas nuvens. No RJ, no extremo norte de SP e no Sul de Minas: nublado com possibilidade de pancadas isoladas de chuva. No sudoeste e leste de SP: nublado com pancadas de chuva localmente forte a qualquer hora do dia. Nas demais \u00e1reas de SP: sol com varia\u00e7\u00e3o de nuvens e pancadas isoladas de chuva. Nas demais \u00e1reas da Regi\u00e3o: sol com varia\u00e7\u00e3o de nuvens. As temperaturas estar\u00e3o est\u00e1veis. Na sexta-feira haver\u00e1 chuva em grande parte da Regi\u00e3o.<\/p>\n<p>CPTEC\/INPE<\/p>\n","protected":false},"excerpt":{"rendered":"<p>18\/08\/2009: No sul e no sudoeste de SP: nublado com pancadas de chuva localmente forte a qualquer hora do dia. Na faixa central de SP: sol com varia\u00e7\u00e3o de nuvens e pancadas de chuva \u00e0 tarde. No nordeste do ES: inst\u00e1vel com muitas nuvens e chuva a qualquer hora. No noroeste do ES e no [&hellip;]<\/p>\n","protected":false},"author":3,"featured_media":0,"comment_status":"open","ping_status":"open","sticky":false,"template":"","format":"standard","meta":{"tdm_status":"","tdm_grid_status":"","footnotes":""},"categories":[22,327],"tags":[],"class_list":{"0":"post-8974","1":"post","2":"type-post","3":"status-publish","4":"format-standard","6":"category-brasil","7":"category-clima"},"_links":{"self":[{"href":"https:\/\/migracao.redenoticia.com.br\/noticia\/wp-json\/wp\/v2\/posts\/8974","targetHints":{"allow":["GET"]}}],"collection":[{"href":"https:\/\/migracao.redenoticia.com.br\/noticia\/wp-json\/wp\/v2\/posts"}],"about":[{"href":"https:\/\/migracao.redenoticia.com.br\/noticia\/wp-json\/wp\/v2\/types\/post"}],"author":[{"embeddable":true,"href":"https:\/\/migracao.redenoticia.com.br\/noticia\/wp-json\/wp\/v2\/users\/3"}],"replies":[{"embeddable":true,"href":"https:\/\/migracao.redenoticia.com.br\/noticia\/wp-json\/wp\/v2\/comments?post=8974"}],"version-history":[{"count":0,"href":"https:\/\/migracao.redenoticia.com.br\/noticia\/wp-json\/wp\/v2\/posts\/8974\/revisions"}],"wp:attachment":[{"href":"https:\/\/migracao.redenoticia.com.br\/noticia\/wp-json\/wp\/v2\/media?parent=8974"}],"wp:term":[{"taxonomy":"category","embeddable":true,"href":"https:\/\/migracao.redenoticia.com.br\/noticia\/wp-json\/wp\/v2\/categories?post=8974"},{"taxonomy":"post_tag","embeddable":true,"href":"https:\/\/migracao.redenoticia.com.br\/noticia\/wp-json\/wp\/v2\/tags?post=8974"}],"curies":[{"name":"wp","href":"https:\/\/api.w.org\/{rel}","templated":true}]}}