{"id":8977,"date":"2009-08-17T16:45:15","date_gmt":"2009-08-17T20:45:15","guid":{"rendered":"http:\/\/www.redenoticia.com.br\/noticia\/?p=8977"},"modified":"2009-08-17T16:45:15","modified_gmt":"2009-08-17T20:45:15","slug":"previsao-do-tempo-na-regiao-sul-de-18-a-2008","status":"publish","type":"post","link":"https:\/\/migracao.redenoticia.com.br\/noticia\/2009\/previsao-do-tempo-na-regiao-sul-de-18-a-2008\/8977","title":{"rendered":"Previs\u00e3o do tempo na Regi\u00e3o Sul de 18 a 20\/08"},"content":{"rendered":"<p>18\/08\/2009: No sul e no sudoeste do RS: encoberto com chuva isolada a qualquer hora do dia. No nordeste do RS e no leste de SC: nublado com chuva a qualquer hora do dia. Nas demais \u00e1reas da Regi\u00e3o: sol entre muitas nuvens e pancadas de chuva a qualquer hora do dia. As temperaturas estar\u00e3o baixas. Temperatura m\u00e1xima: 24C no noroeste do PR Temperatura m\u00ednima: 05C no sul do RS.\u00a0<\/p>\n<p>19\/08\/2009: No noroeste do RS e no oeste de SC: sol com nebulosidade vari\u00e1vel e uma pequena possibilidade de pancadas de chuva. No centro-sul e leste do RS e no sudeste de SC: nublado com chuva a qualquer hora do dia. Nas demais \u00e1reas da Regi\u00e3o: sol entre muitas nuvens e pancadas localmente forte de chuva a qualquer hora do dia. As temperaturas estar\u00e3o amenas.<\/p>\n<p>Tend\u00eancia 20\/08\/2009: No oeste do RS, de SC e no sudoeste do PR: sol entre muitas nuvens. Na faixa central do RS: nublado com chuva isolada a qualquer hora. No leste do RS e de SC: nublado com chuva a qualquer hora do dia. Nas demais \u00e1reas da Regi\u00e3o: sol entre muitas nuvens e pancadas de chuva localmente forte a qualquer hora do dia. As temperaturas estar\u00e3o amenas. Na sexta-feira continuar\u00e1 chovendo no litoral da Regi\u00e3o.<\/p>\n<p>CPTEC\/INPE<\/p>\n","protected":false},"excerpt":{"rendered":"<p>18\/08\/2009: No sul e no sudoeste do RS: encoberto com chuva isolada a qualquer hora do dia. No nordeste do RS e no leste de SC: nublado com chuva a qualquer hora do dia. Nas demais \u00e1reas da Regi\u00e3o: sol entre muitas nuvens e pancadas de chuva a qualquer hora do dia. As temperaturas estar\u00e3o [&hellip;]<\/p>\n","protected":false},"author":3,"featured_media":0,"comment_status":"open","ping_status":"open","sticky":false,"template":"","format":"standard","meta":{"tdm_status":"","tdm_grid_status":"","footnotes":""},"categories":[22,327],"tags":[],"class_list":{"0":"post-8977","1":"post","2":"type-post","3":"status-publish","4":"format-standard","6":"category-brasil","7":"category-clima"},"_links":{"self":[{"href":"https:\/\/migracao.redenoticia.com.br\/noticia\/wp-json\/wp\/v2\/posts\/8977","targetHints":{"allow":["GET"]}}],"collection":[{"href":"https:\/\/migracao.redenoticia.com.br\/noticia\/wp-json\/wp\/v2\/posts"}],"about":[{"href":"https:\/\/migracao.redenoticia.com.br\/noticia\/wp-json\/wp\/v2\/types\/post"}],"author":[{"embeddable":true,"href":"https:\/\/migracao.redenoticia.com.br\/noticia\/wp-json\/wp\/v2\/users\/3"}],"replies":[{"embeddable":true,"href":"https:\/\/migracao.redenoticia.com.br\/noticia\/wp-json\/wp\/v2\/comments?post=8977"}],"version-history":[{"count":0,"href":"https:\/\/migracao.redenoticia.com.br\/noticia\/wp-json\/wp\/v2\/posts\/8977\/revisions"}],"wp:attachment":[{"href":"https:\/\/migracao.redenoticia.com.br\/noticia\/wp-json\/wp\/v2\/media?parent=8977"}],"wp:term":[{"taxonomy":"category","embeddable":true,"href":"https:\/\/migracao.redenoticia.com.br\/noticia\/wp-json\/wp\/v2\/categories?post=8977"},{"taxonomy":"post_tag","embeddable":true,"href":"https:\/\/migracao.redenoticia.com.br\/noticia\/wp-json\/wp\/v2\/tags?post=8977"}],"curies":[{"name":"wp","href":"https:\/\/api.w.org\/{rel}","templated":true}]}}