{"id":8991,"date":"2009-08-17T22:03:56","date_gmt":"2009-08-18T02:03:56","guid":{"rendered":"http:\/\/www.redenoticia.com.br\/noticia\/?p=8991"},"modified":"2009-08-17T22:03:56","modified_gmt":"2009-08-18T02:03:56","slug":"rede-record-mostra-constrangimento-de-danni-carlos-na-fazenda","status":"publish","type":"post","link":"https:\/\/migracao.redenoticia.com.br\/noticia\/2009\/rede-record-mostra-constrangimento-de-danni-carlos-na-fazenda\/8991","title":{"rendered":"Rede Record mostra constrangimento de Danni Carlos na Fazenda"},"content":{"rendered":"<p>A Rede Record mostrou no programa A Fazenda desta segunda-feira (17\/08) que, ap\u00f3s a elimina\u00e7\u00e3o de Pedro, Carlinhos n\u00e3o segurou a boca e soltou uma extensa lista de palavr\u00f5es, editados pela Rede Record, para atacar o pe\u00e3o Dado Dolabella. Dado n\u00e3o revidou com palavr\u00f5es, mas ficou insistindo na discuss\u00e3o com Carlinhos. Danni Carlos demonstrava muito sofrimento sem saber como agir com a situa\u00e7\u00e3o de grande constrangimento na Fazenda.<\/p>\n<p>Hoje pela manh\u00e3, para completar o clima pesado, Carlinhos n\u00e3o quis revezar as tarefas com os outros pe\u00f5es da Fazenda. Um presente de um patrocinador da Rede Record e da Fazenda fez com que o clima ficasse mais leve, pois os pe\u00f5es puderam saborear um delicioso churrasco.<\/p>\n<p>Britto Jr, anunciou que um dos dois blocos desta ter\u00e7a-feira ser\u00e1 transmitido ao vivo pela Rede Record direto da Fazenda. Os pe\u00f5es tamb\u00e9m dever\u00e3o ganhar o direito de assistir \u00e0 estr\u00e9ia do outro reality da Rede Record, o \u00cddolos 2009. E quarta-feira mais um pe\u00e3o deixa a Fazenda, conforme vota\u00e7\u00e3o do p\u00fablico.<\/p>\n<p>Fonte Rede Record A Fazenda<\/p>\n","protected":false},"excerpt":{"rendered":"<p>A Rede Record mostrou no programa A Fazenda desta segunda-feira (17\/08) que, ap\u00f3s a elimina\u00e7\u00e3o de Pedro, Carlinhos n\u00e3o segurou a boca e soltou uma extensa lista de palavr\u00f5es, editados pela Rede Record, para atacar o pe\u00e3o Dado Dolabella. Dado n\u00e3o revidou com palavr\u00f5es, mas ficou insistindo na discuss\u00e3o com Carlinhos. Danni Carlos demonstrava muito [&hellip;]<\/p>\n","protected":false},"author":3,"featured_media":0,"comment_status":"open","ping_status":"open","sticky":false,"template":"","format":"standard","meta":{"tdm_status":"","tdm_grid_status":"","footnotes":""},"categories":[22,343],"tags":[],"class_list":{"0":"post-8991","1":"post","2":"type-post","3":"status-publish","4":"format-standard","6":"category-brasil","7":"category-televisao"},"_links":{"self":[{"href":"https:\/\/migracao.redenoticia.com.br\/noticia\/wp-json\/wp\/v2\/posts\/8991","targetHints":{"allow":["GET"]}}],"collection":[{"href":"https:\/\/migracao.redenoticia.com.br\/noticia\/wp-json\/wp\/v2\/posts"}],"about":[{"href":"https:\/\/migracao.redenoticia.com.br\/noticia\/wp-json\/wp\/v2\/types\/post"}],"author":[{"embeddable":true,"href":"https:\/\/migracao.redenoticia.com.br\/noticia\/wp-json\/wp\/v2\/users\/3"}],"replies":[{"embeddable":true,"href":"https:\/\/migracao.redenoticia.com.br\/noticia\/wp-json\/wp\/v2\/comments?post=8991"}],"version-history":[{"count":0,"href":"https:\/\/migracao.redenoticia.com.br\/noticia\/wp-json\/wp\/v2\/posts\/8991\/revisions"}],"wp:attachment":[{"href":"https:\/\/migracao.redenoticia.com.br\/noticia\/wp-json\/wp\/v2\/media?parent=8991"}],"wp:term":[{"taxonomy":"category","embeddable":true,"href":"https:\/\/migracao.redenoticia.com.br\/noticia\/wp-json\/wp\/v2\/categories?post=8991"},{"taxonomy":"post_tag","embeddable":true,"href":"https:\/\/migracao.redenoticia.com.br\/noticia\/wp-json\/wp\/v2\/tags?post=8991"}],"curies":[{"name":"wp","href":"https:\/\/api.w.org\/{rel}","templated":true}]}}