{"id":9003,"date":"2009-08-18T00:09:19","date_gmt":"2009-08-18T04:09:19","guid":{"rendered":"http:\/\/www.redenoticia.com.br\/noticia\/?p=9003"},"modified":"2009-08-18T00:09:19","modified_gmt":"2009-08-18T04:09:19","slug":"climatempo-no-sudeste-e-outras-regioes-do-brasil-nesta-terca-feira-1808","status":"publish","type":"post","link":"https:\/\/migracao.redenoticia.com.br\/noticia\/2009\/climatempo-no-sudeste-e-outras-regioes-do-brasil-nesta-terca-feira-1808\/9003","title":{"rendered":"Climatempo no Sudeste e outras Regi\u00f5es do Brasil nesta ter\u00e7a-feira (18\/08)"},"content":{"rendered":"<p>Climatempo na Regi\u00e3o Sudeste do Brasil nesta ter\u00e7a-feira (18\/08): Na ter\u00e7a-feira, a frente fria se afasta para o mar. O sol aparece fraco e ocorrem pancadas de chuva no Esp\u00edrito Santo, no norte do rio e no Jequitinhonha. Nas outras \u00e1reas, o ar mais seco predomina, o sol brilha forte e n\u00e3o chove.<\/p>\n<p>Climatempo na Regi\u00e3o Sul do Brasil nesta ter\u00e7a-feira (18\/08): Na ter\u00e7a-feira, a frente fria se afasta para o mar, mas ainda provoca pancadas de chuva em grande parte da Regi\u00e3o. No norte paranaense, o sol aparece, o tempo fica firme e n\u00e3o chove. Nas outras \u00e1reas, o sol aparece fraco entre muitas nuvens e chove.<\/p>\n<p>Climatempo na Regi\u00e3o Centro-Oeste do Brasil nesta ter\u00e7a-feira (18\/08): Na ter\u00e7a-feira, o ar seco volta a predominar sobre toda a Regi\u00e3o e deixa o tempo firme. O sol aparece e n\u00e3o h\u00e1 previs\u00e3o de chuva.<\/p>\n<p>Climatempo na Regi\u00e3o Nordeste do Brasil nesta ter\u00e7a-feira (18\/08): Na ter\u00e7a-feira, o sol aparece, mas \u00e1reas de instabilidade provocam pancadas de chuva no sul e no leste da Bahia, no Planalto da Conquista, em Sergipe, em Alagoas e no leste de Pernambuco, da Para\u00edba e do Rio Grande do Norte. As demais regi\u00f5es t\u00eam mais um dia ensolarado e sem chuva.<\/p>\n<p>Climatempo na Regi\u00e3o Norte do Brasil nesta ter\u00e7a-feira (18\/08): Na ter\u00e7a-feira, o sol predomina em todas as \u00e1reas do Norte brasileiro. A umidade e o calor provocam pancadas de chuva no oeste do Acre, no norte e no oeste do Amazonas, no Amap\u00e1, e no norte do Par\u00e1. Em Roraima, o sol aparece entre muitas nuvens e ocorrem pancadas de chuva. Nas outras \u00e1reas, o ar seco ainda predomina, o tempo fica firme e n\u00e3o chove.<\/p>\n<p>Sobre o Grupo Climatempo \u2013 O Grupo Climatempo \u00e9 a maior empresa privada de meteorologia do pa\u00eds. Uma holding formada pela Climatempo Consultoria, Ag\u00eancia Climatempo, a TV Climatempo e a CLIMANET (Internet, servi\u00e7os de tecnologia e inform\u00e1tica). Atualmente, o Grupo Climatempo fornece conte\u00fado para os principais portais do pa\u00eds, mais de 50 retransmissoras de televis\u00e3o do Brasil, r\u00e1dios e tem cerca de mil clientes. Os dois principais segmentos atendidos s\u00e3o o de agroneg\u00f3cios e meios de comunica\u00e7\u00e3o. Al\u00e9m destes, fornece conte\u00fado meteorol\u00f3gico estrat\u00e9gico para produtoras, a ind\u00fastria eletroeletr\u00f4nica e t\u00eaxtil, com\u00e9rcio, moda e turismo, constru\u00e7\u00e3o civil, setor de energia, entre outros.<\/p>\n","protected":false},"excerpt":{"rendered":"<p>Climatempo na Regi\u00e3o Sudeste do Brasil nesta ter\u00e7a-feira (18\/08): Na ter\u00e7a-feira, a frente fria se afasta para o mar. O sol aparece fraco e ocorrem pancadas de chuva no Esp\u00edrito Santo, no norte do rio e no Jequitinhonha. Nas outras \u00e1reas, o ar mais seco predomina, o sol brilha forte e n\u00e3o chove. Climatempo na [&hellip;]<\/p>\n","protected":false},"author":3,"featured_media":0,"comment_status":"open","ping_status":"open","sticky":false,"template":"","format":"standard","meta":{"tdm_status":"","tdm_grid_status":"","footnotes":""},"categories":[22,327],"tags":[],"class_list":{"0":"post-9003","1":"post","2":"type-post","3":"status-publish","4":"format-standard","6":"category-brasil","7":"category-clima"},"_links":{"self":[{"href":"https:\/\/migracao.redenoticia.com.br\/noticia\/wp-json\/wp\/v2\/posts\/9003","targetHints":{"allow":["GET"]}}],"collection":[{"href":"https:\/\/migracao.redenoticia.com.br\/noticia\/wp-json\/wp\/v2\/posts"}],"about":[{"href":"https:\/\/migracao.redenoticia.com.br\/noticia\/wp-json\/wp\/v2\/types\/post"}],"author":[{"embeddable":true,"href":"https:\/\/migracao.redenoticia.com.br\/noticia\/wp-json\/wp\/v2\/users\/3"}],"replies":[{"embeddable":true,"href":"https:\/\/migracao.redenoticia.com.br\/noticia\/wp-json\/wp\/v2\/comments?post=9003"}],"version-history":[{"count":0,"href":"https:\/\/migracao.redenoticia.com.br\/noticia\/wp-json\/wp\/v2\/posts\/9003\/revisions"}],"wp:attachment":[{"href":"https:\/\/migracao.redenoticia.com.br\/noticia\/wp-json\/wp\/v2\/media?parent=9003"}],"wp:term":[{"taxonomy":"category","embeddable":true,"href":"https:\/\/migracao.redenoticia.com.br\/noticia\/wp-json\/wp\/v2\/categories?post=9003"},{"taxonomy":"post_tag","embeddable":true,"href":"https:\/\/migracao.redenoticia.com.br\/noticia\/wp-json\/wp\/v2\/tags?post=9003"}],"curies":[{"name":"wp","href":"https:\/\/api.w.org\/{rel}","templated":true}]}}