{"id":9010,"date":"2009-08-18T12:26:44","date_gmt":"2009-08-18T16:26:44","guid":{"rendered":"http:\/\/www.redenoticia.com.br\/noticia\/?p=9010"},"modified":"2009-08-18T12:26:44","modified_gmt":"2009-08-18T16:26:44","slug":"territorio-da-cidadania-em-ji-parana-rondonia-define-implementacao-dos-projetos","status":"publish","type":"post","link":"https:\/\/migracao.redenoticia.com.br\/noticia\/2009\/territorio-da-cidadania-em-ji-parana-rondonia-define-implementacao-dos-projetos\/9010","title":{"rendered":"Territ\u00f3rio da Cidadania em Ji-Paran\u00e1 &#8211; Rond\u00f4nia &#8211; define implementa\u00e7\u00e3o dos Projetos"},"content":{"rendered":"<p>Aproximadamente cem pessoas participaram na \u00faltima sexta-feira de mais uma reuni\u00e3o do Programa do Governo Federal, Territ\u00f3rio da Cidadania, no audit\u00f3rio da Secretaria Municipal de Educa\u00e7\u00e3o (Semed), em Ji-Paran\u00e1. Estiveram reunidos na ocasi\u00e3o representantes dos 12 munic\u00edpios que fazem parte do Territ\u00f3rio Central de Rond\u00f4nia. Segundo informa\u00e7\u00f5es do Secret\u00e1rio Municipal de Governo de Ji-Paran\u00e1, Rui Vieira, o objetivo principal da reuni\u00e3o foi a defini\u00e7\u00e3o de estrat\u00e9gias para a implanta\u00e7\u00e3o efetiva de todos os projetos, dos sete eixos tem\u00e1ticos, que ser\u00e3o beneficiados com um total de R$ 156.868.698,66 em 2009.<\/p>\n<p>Segundo Rui, a reuni\u00e3o foi bastante produtiva. \u201cConseguimos aprovar por unanimidade a logomarca do Territ\u00f3rio Central. Criamos mais duas ger\u00eancias tem\u00e1ticas, a de agricultura e pesca, e ci\u00eancia e tecnologia. Definimos toda a estrat\u00e9gia para elabora\u00e7\u00e3o dos projetos, al\u00e9m de aprovar o reingresso de Alvorada do Oeste no Territ\u00f3rio Central\u201d, explicou. Os eixos tem\u00e1ticos trabalhados pelo Territ\u00f3rio da Cidadania envolvem atualmente 69 a\u00e7\u00f5es nas \u00e1reas: direito e desenvolvimento social; organiza\u00e7\u00e3o sustent\u00e1vel da produ\u00e7\u00e3o; sa\u00fade, saneamento e acesso \u00e0 \u00e1gua; educa\u00e7\u00e3o e cultura; infraestrutura; apoio \u00e0 gest\u00e3o territorial; e a\u00e7\u00f5es fundi\u00e1rias.<\/p>\n<p>Agora, vencidas algumas etapas, o Secret\u00e1rio explicou que a prioridade \u00e9\u00a0a elabora\u00e7\u00e3o de todos os projetos, da forma mais r\u00e1pida para que possa ser aproveitado todo o recurso dispon\u00edvel. Na ocasi\u00e3o, os representantes de Ji-Paran\u00e1\u00a0 apresentaram como sugest\u00e3o, o trabalho realizado no munic\u00edpio com a cria\u00e7\u00e3o, por meio de decreto, de uma comiss\u00e3o especial para coordena\u00e7\u00e3o das a\u00e7\u00f5es do Territ\u00f3rio. \u201cApresentamos o nosso trabalho e tamb\u00e9m nos surpreendemos com a agilidade do Vale do Anari que j\u00e1 elaborou seus projetos. Parabenizamos esta equipe\u201d, comentou Rui.<\/p>\n<p><strong>Pr\u00f3ximo passo<\/strong><\/p>\n<p>Segundo Rui Vieira, o pr\u00f3ximo passo \u00e9\u00a0o aceite dos projetos por parte da ger\u00eancia do Territ\u00f3rio Central. Os munic\u00edpios dever\u00e3o apresentar os projetos, a ger\u00eancia liberar\u00e1\u00a0a carta de aceite, e o munic\u00edpio seguir\u00e1 com o documento para Bras\u00edlia, ficando ent\u00e3o no aguardo da libera\u00e7\u00e3o dos recursos. \u201cAgora \u00e9 o momento de transformar esses projetos em realidade, a popula\u00e7\u00e3o clama por isso\u201d, concluiu.<\/p>\n<p><strong>Recurso a parte<\/strong><\/p>\n<p>Durante o evento ficou determinado que, at\u00e9 o pr\u00f3ximo dia 25, todos os projetos de infraestrutura, referentes ao Proinf, ser\u00e3o encaminhados ao Minist\u00e9rio do Desenvolvimento Agr\u00e1rio (MDA) em Bras\u00edlia, para o aguardo dos recursos e execu\u00e7\u00e3o.<\/p>\n","protected":false},"excerpt":{"rendered":"<p>Aproximadamente cem pessoas participaram na \u00faltima sexta-feira de mais uma reuni\u00e3o do Programa do Governo Federal, Territ\u00f3rio da Cidadania, no audit\u00f3rio da Secretaria Municipal de Educa\u00e7\u00e3o (Semed), em Ji-Paran\u00e1. Estiveram reunidos na ocasi\u00e3o representantes dos 12 munic\u00edpios que fazem parte do Territ\u00f3rio Central de Rond\u00f4nia. Segundo informa\u00e7\u00f5es do Secret\u00e1rio Municipal de Governo de Ji-Paran\u00e1, Rui [&hellip;]<\/p>\n","protected":false},"author":2,"featured_media":0,"comment_status":"open","ping_status":"open","sticky":false,"template":"","format":"standard","meta":{"tdm_status":"","tdm_grid_status":"","footnotes":""},"categories":[22],"tags":[],"class_list":{"0":"post-9010","1":"post","2":"type-post","3":"status-publish","4":"format-standard","6":"category-brasil"},"_links":{"self":[{"href":"https:\/\/migracao.redenoticia.com.br\/noticia\/wp-json\/wp\/v2\/posts\/9010","targetHints":{"allow":["GET"]}}],"collection":[{"href":"https:\/\/migracao.redenoticia.com.br\/noticia\/wp-json\/wp\/v2\/posts"}],"about":[{"href":"https:\/\/migracao.redenoticia.com.br\/noticia\/wp-json\/wp\/v2\/types\/post"}],"author":[{"embeddable":true,"href":"https:\/\/migracao.redenoticia.com.br\/noticia\/wp-json\/wp\/v2\/users\/2"}],"replies":[{"embeddable":true,"href":"https:\/\/migracao.redenoticia.com.br\/noticia\/wp-json\/wp\/v2\/comments?post=9010"}],"version-history":[{"count":0,"href":"https:\/\/migracao.redenoticia.com.br\/noticia\/wp-json\/wp\/v2\/posts\/9010\/revisions"}],"wp:attachment":[{"href":"https:\/\/migracao.redenoticia.com.br\/noticia\/wp-json\/wp\/v2\/media?parent=9010"}],"wp:term":[{"taxonomy":"category","embeddable":true,"href":"https:\/\/migracao.redenoticia.com.br\/noticia\/wp-json\/wp\/v2\/categories?post=9010"},{"taxonomy":"post_tag","embeddable":true,"href":"https:\/\/migracao.redenoticia.com.br\/noticia\/wp-json\/wp\/v2\/tags?post=9010"}],"curies":[{"name":"wp","href":"https:\/\/api.w.org\/{rel}","templated":true}]}}