{"id":9013,"date":"2009-08-18T13:26:53","date_gmt":"2009-08-18T17:26:53","guid":{"rendered":"http:\/\/www.redenoticia.com.br\/noticia\/?p=9013"},"modified":"2009-08-18T13:26:53","modified_gmt":"2009-08-18T17:26:53","slug":"camara-municipal-deji-parana-rondonia-elege-nova-mesa-diretora","status":"publish","type":"post","link":"https:\/\/migracao.redenoticia.com.br\/noticia\/2009\/camara-municipal-deji-parana-rondonia-elege-nova-mesa-diretora\/9013","title":{"rendered":"C\u00e2mara Municipal deJi-Paran\u00e1 &#8211; Rond\u00f4nia &#8211; elege nova Mesa Diretora"},"content":{"rendered":"<p>A 25\u00aa Sess\u00e3o Ordin\u00e1ria do Poder Legislativo aprovou hoje a composi\u00e7\u00e3o da Mesa Diretora que ficar\u00e1 a frente da Casa de Leis no Bi\u00eanio 2011\/2012. Um requerimento apresentado pelo vereador Kl\u00e9cius Modesto de Ara\u00fajo (PSDC) solicitando a vota\u00e7\u00e3o da Mesa Diretora foi aprovado pelo plen\u00e1rio tendo os votos favor\u00e1veis dos vereadores Nilton Cezar Rios (PSB), Valmir Xavier (PTB), Ezequiel Borges (DEM), Nair Ferreira Barreto (PSDB), Jess\u00e9 Mendon\u00e7a (PDT), Kl\u00e9cius Modesto (PSDC).<\/p>\n<p>J\u00e1 os vereadores Marcos Rog\u00e9rio (PDT) e Enivaldo Soares (PPS) defenderam na tribuna que o ato Legislativo seja anulado, por estar em desacordo com os Artigos 37 e 135 do regimento interno da Casa de Leis, alegando que n\u00e3o foram respeitados os prazos legais e por ferir princ\u00edpios legais e constitucionais. As vereadoras M\u00e1rcia Regina (PT) e Solange Pereira (PMDB) discursaram afirmando que s\u00e3o contr\u00e1rias a antecipa\u00e7\u00e3o da vota\u00e7\u00e3o e que se abst\u00e9m da vota\u00e7\u00e3o por entenderem que n\u00e3o h\u00e1 interesse social que justifique a vota\u00e7\u00e3o da mesa em data antecipada.<\/p>\n<p>Em defesa do requerimento, os vereadores Nilton Cezar (PSB), Kl\u00e9cius Modesto (PSDC) e Ezequiel Borges (DEM) argumentaram que o ato de vota\u00e7\u00e3o da mesa diretora est\u00e1 respaldado pelo Artigo 13 do Regimento Interno da Casa de Leis, que ressalva que a Mesa Diretora pode ser votada a qualquer tempo e a posse ocorrer\u00e1 no dia primeiro de janeiro em sess\u00e3o solene.<\/p>\n<p>Ap\u00f3s as explana\u00e7\u00f5es dos Edis, a renova\u00e7\u00e3o da Mesa Diretora foi colocada em vota\u00e7\u00e3o pelo Presidente Nilton Cezar Rios, sendo apresentada chapa \u00fanica formada pelos seguintes membros do Poder Legislativo: Nilton Cezar Rios (PSB) &#8211; Presidente, Joziel Carlos de brito (PMDB)- 1\u00ba Vice-presidente, Ezequiel Borges (DEM) &#8211; 2\u00ba Vice-presidente, Kl\u00e9cius Modesto &#8211; (PSDC) &#8211; 1\u00ba Secret\u00e1rio, Nair Barreto &#8211; (PSDB) &#8211; 2\u00ba Secret\u00e1rio, Valmir Xavier &#8211; (PTB) &#8211; 3\u00ba Secret\u00e1rio.<\/p>\n<p>A composi\u00e7\u00e3o foi aprovada por sete votos favor\u00e1veis e quatro absten\u00e7\u00f5es.<\/p>\n<p><strong>Votos favor\u00e1veis &#8211;<\/strong> Nilton Cezar Rios (PSB), Valmir Xavier (PTB), Ezequiel Borges (DEM), Nair Ferreira Barreto (PSDB), Jess\u00e9 Mendon\u00e7a (PDT) e Kl\u00e9cius Modesto (PSDC).<\/p>\n<p><strong>Absten\u00e7\u00f5es &#8211;<\/strong> Enivaldo Soares (PPS), Marcos Rog\u00e9rio (PDT), Solange Pereira (PMDB) e M\u00e1rcia Regina (PT).<\/p>\n<p><strong>Composi\u00e7\u00e3o atual da Mesa Diretora (2009\/2010)<\/strong><\/p>\n<p>Atual Mesa Diretora tem a seguinte forma\u00e7\u00e3o: Nilton Cezar Rios &#8211; Presidente, Solange Pereira &#8211; 1\u00ba Vice-presidente, Joziel Carlos de Brito &#8211; 2\u00ba Vice-presidente, Kl\u00e9cius Modesto &#8211; 1\u00ba Secret\u00e1rio, M\u00e1rcia Regina &#8211; 2\u00aa Secret\u00e1ria, Marcos Rog\u00e9rio &#8211; 3\u00ba Secret\u00e1rio.<\/p>\n","protected":false},"excerpt":{"rendered":"<p>A 25\u00aa Sess\u00e3o Ordin\u00e1ria do Poder Legislativo aprovou hoje a composi\u00e7\u00e3o da Mesa Diretora que ficar\u00e1 a frente da Casa de Leis no Bi\u00eanio 2011\/2012. Um requerimento apresentado pelo vereador Kl\u00e9cius Modesto de Ara\u00fajo (PSDC) solicitando a vota\u00e7\u00e3o da Mesa Diretora foi aprovado pelo plen\u00e1rio tendo os votos favor\u00e1veis dos vereadores Nilton Cezar Rios (PSB), [&hellip;]<\/p>\n","protected":false},"author":2,"featured_media":0,"comment_status":"open","ping_status":"open","sticky":false,"template":"","format":"standard","meta":{"tdm_status":"","tdm_grid_status":"","footnotes":""},"categories":[22],"tags":[],"class_list":{"0":"post-9013","1":"post","2":"type-post","3":"status-publish","4":"format-standard","6":"category-brasil"},"_links":{"self":[{"href":"https:\/\/migracao.redenoticia.com.br\/noticia\/wp-json\/wp\/v2\/posts\/9013","targetHints":{"allow":["GET"]}}],"collection":[{"href":"https:\/\/migracao.redenoticia.com.br\/noticia\/wp-json\/wp\/v2\/posts"}],"about":[{"href":"https:\/\/migracao.redenoticia.com.br\/noticia\/wp-json\/wp\/v2\/types\/post"}],"author":[{"embeddable":true,"href":"https:\/\/migracao.redenoticia.com.br\/noticia\/wp-json\/wp\/v2\/users\/2"}],"replies":[{"embeddable":true,"href":"https:\/\/migracao.redenoticia.com.br\/noticia\/wp-json\/wp\/v2\/comments?post=9013"}],"version-history":[{"count":0,"href":"https:\/\/migracao.redenoticia.com.br\/noticia\/wp-json\/wp\/v2\/posts\/9013\/revisions"}],"wp:attachment":[{"href":"https:\/\/migracao.redenoticia.com.br\/noticia\/wp-json\/wp\/v2\/media?parent=9013"}],"wp:term":[{"taxonomy":"category","embeddable":true,"href":"https:\/\/migracao.redenoticia.com.br\/noticia\/wp-json\/wp\/v2\/categories?post=9013"},{"taxonomy":"post_tag","embeddable":true,"href":"https:\/\/migracao.redenoticia.com.br\/noticia\/wp-json\/wp\/v2\/tags?post=9013"}],"curies":[{"name":"wp","href":"https:\/\/api.w.org\/{rel}","templated":true}]}}