{"id":9015,"date":"2009-08-18T18:33:15","date_gmt":"2009-08-18T22:33:15","guid":{"rendered":"http:\/\/www.redenoticia.com.br\/noticia\/?p=9015"},"modified":"2009-08-18T18:33:15","modified_gmt":"2009-08-18T22:33:15","slug":"boletim-medico-de-anselmo-duarte-em-1808-as-19-horas","status":"publish","type":"post","link":"https:\/\/migracao.redenoticia.com.br\/noticia\/2009\/boletim-medico-de-anselmo-duarte-em-1808-as-19-horas\/9015","title":{"rendered":"Boletim m\u00e9dico de Anselmo Duarte em 18\/08 as 19 horas"},"content":{"rendered":"<p>O ator e diretor de cinema Anselmo Duarte, 89 anos, foi internado na Unidade de Coronariopatias Agudas do Incor (Instituto do Cora\u00e7\u00e3o do Hospital das Cl\u00ednicas da FMUSP), \u00e0s 19h desta ter\u00e7a-feira, 18 de agosto. O paciente foi transferido do HU (Hospital Universit\u00e1rio), em S\u00e3o Paulo, onde estava internado desde domingo, 16 de agosto.<\/p>\n<p>Anselmo Duarte permanecer\u00e1 internado no Incor para tratamento intensivo, avalia\u00e7\u00e3o cl\u00ednica e realiza\u00e7\u00e3o de exames de diagn\u00f3stico.<\/p>\n","protected":false},"excerpt":{"rendered":"<p>O ator e diretor de cinema Anselmo Duarte, 89 anos, foi internado na Unidade de Coronariopatias Agudas do Incor (Instituto do Cora\u00e7\u00e3o do Hospital das Cl\u00ednicas da FMUSP), \u00e0s 19h desta ter\u00e7a-feira, 18 de agosto. O paciente foi transferido do HU (Hospital Universit\u00e1rio), em S\u00e3o Paulo, onde estava internado desde domingo, 16 de agosto. Anselmo [&hellip;]<\/p>\n","protected":false},"author":2,"featured_media":0,"comment_status":"open","ping_status":"open","sticky":false,"template":"","format":"standard","meta":{"tdm_status":"","tdm_grid_status":"","footnotes":""},"categories":[22,5],"tags":[],"class_list":{"0":"post-9015","1":"post","2":"type-post","3":"status-publish","4":"format-standard","6":"category-brasil","7":"category-saude-e-vida"},"_links":{"self":[{"href":"https:\/\/migracao.redenoticia.com.br\/noticia\/wp-json\/wp\/v2\/posts\/9015","targetHints":{"allow":["GET"]}}],"collection":[{"href":"https:\/\/migracao.redenoticia.com.br\/noticia\/wp-json\/wp\/v2\/posts"}],"about":[{"href":"https:\/\/migracao.redenoticia.com.br\/noticia\/wp-json\/wp\/v2\/types\/post"}],"author":[{"embeddable":true,"href":"https:\/\/migracao.redenoticia.com.br\/noticia\/wp-json\/wp\/v2\/users\/2"}],"replies":[{"embeddable":true,"href":"https:\/\/migracao.redenoticia.com.br\/noticia\/wp-json\/wp\/v2\/comments?post=9015"}],"version-history":[{"count":0,"href":"https:\/\/migracao.redenoticia.com.br\/noticia\/wp-json\/wp\/v2\/posts\/9015\/revisions"}],"wp:attachment":[{"href":"https:\/\/migracao.redenoticia.com.br\/noticia\/wp-json\/wp\/v2\/media?parent=9015"}],"wp:term":[{"taxonomy":"category","embeddable":true,"href":"https:\/\/migracao.redenoticia.com.br\/noticia\/wp-json\/wp\/v2\/categories?post=9015"},{"taxonomy":"post_tag","embeddable":true,"href":"https:\/\/migracao.redenoticia.com.br\/noticia\/wp-json\/wp\/v2\/tags?post=9015"}],"curies":[{"name":"wp","href":"https:\/\/api.w.org\/{rel}","templated":true}]}}