{"id":90164,"date":"2016-07-13T10:02:05","date_gmt":"2016-07-13T13:02:05","guid":{"rendered":"http:\/\/www.redenoticia.com.br\/noticia\/?p=90164"},"modified":"2016-07-12T18:52:58","modified_gmt":"2016-07-12T21:52:58","slug":"estudante-tem-so-mais-um-mes-para-pedir-isencao-da-taxa-da-fuvest","status":"publish","type":"post","link":"https:\/\/migracao.redenoticia.com.br\/noticia\/2016\/estudante-tem-so-mais-um-mes-para-pedir-isencao-da-taxa-da-fuvest\/90164","title":{"rendered":"Estudante tem s\u00f3 mais um m\u00eas para pedir isen\u00e7\u00e3o da taxa da Fuvest"},"content":{"rendered":"<p>O estudante interessado em participar do <em><strong>vestibular da Fuvest<\/strong><\/em> tem s\u00f3 mais um m\u00eas para solicitar a isen\u00e7\u00e3o da taxa de inscri\u00e7\u00e3o. O prazo final para envio do pedido \u00e9 11 de agosto. As inscri\u00e7\u00f5es para o vestibular come\u00e7am no dia 19 de agosto.<\/p>\n<p>O desconto de 100% s\u00f3 \u00e9 v\u00e1lido para estudantes com renda familiar de at\u00e9 R$ 1.320,00 por indiv\u00edduo. A redu\u00e7\u00e3o de 50% \u00e9 destinada \u00e0queles com rendimento m\u00e1ximo de R$ 2.640,00. Neste ano, a prova da primeira fase ser\u00e1 aplicada dia 27 de novembro.<\/p>\n<p>A Fuvest fica respons\u00e1vel pela sele\u00e7\u00e3o dos cursos de gradua\u00e7\u00e3o da USP (Universidade de S\u00e3o Paulo) e Faculdade de Ci\u00eancias M\u00e9dicas da Santa Casa de S\u00e3o Paulo. Os interessados pelo benef\u00edcio devem se cadastrar pelo site da . Documentos pessoais, comprovantes de renda e resid\u00eancia tamb\u00e9m ser\u00e3o exigidos.<\/p>\n<p>Prepara\u00e7\u00e3o<br \/>\nNa rede estadual, a prepara\u00e7\u00e3o para o vestibular j\u00e1 come\u00e7ou &#8211; e com ajuda da tecnologia. A partir da Escola Virtual de Programas Educacionais do Estado de S\u00e3o Paulo (Evesp), os estudantes t\u00eam acesso ao Cursinho Pr\u00e9-Universit\u00e1rio. S\u00e3o mais de mil quest\u00f5es de edi\u00e7\u00f5es anteriores da pr\u00f3pria Fuvest, Unicamp, Unesp e Enem. A plataforma \u00e9 gratuita e aberta 24 horas por dia a alunos e ex-alunos das escolas estaduais.<\/p>\n<p>A Fuvest tamb\u00e9m j\u00e1 divulgou os livros obrigat\u00f3rio do vestibular. Uma boa parte das obras est\u00e1 \u00e0 disposi\u00e7\u00e3o dos alunos nas bibliotecas e Salas de Leitura das escolas estaduais. S\u00e3o os casos de Iracema (Jos\u00e9 de Alencar), Mem\u00f3rias P\u00f3stumas de Br\u00e1s Cubas (Machado de Assis), O Corti\u00e7o (Alu\u00edsio de Azevedo), Capit\u00e3es da Areia (Jorge Amado), Vidas Secas (Graciliano Ramos), A Cidade e as Serras (E\u00e7a de Queir\u00f3s) e Sagarana (Jo\u00e3o Guimar\u00e3es Rosa). Os alunos do Ensino M\u00e9dio e Fundamental podem procurar a biblioteca da escola e alugar o livro desejado.<\/p>\n<p>Do Portal do Governo do Estado SP<\/p>\n","protected":false},"excerpt":{"rendered":"<p>O estudante interessado em participar do vestibular da Fuvest tem s\u00f3 mais um m\u00eas para solicitar a isen\u00e7\u00e3o da taxa de inscri\u00e7\u00e3o. O prazo final para envio do pedido \u00e9 11 de agosto. As inscri\u00e7\u00f5es para o vestibular come\u00e7am no dia 19 de agosto. O desconto de 100% s\u00f3 \u00e9 v\u00e1lido para estudantes com renda [&hellip;]<\/p>\n","protected":false},"author":2,"featured_media":36244,"comment_status":"open","ping_status":"closed","sticky":false,"template":"","format":"standard","meta":{"tdm_status":"","tdm_grid_status":"","footnotes":""},"categories":[22,370,295],"tags":[],"class_list":{"0":"post-90164","1":"post","2":"type-post","3":"status-publish","4":"format-standard","5":"has-post-thumbnail","7":"category-brasil","8":"category-inscricao","9":"category-vestibular"},"_links":{"self":[{"href":"https:\/\/migracao.redenoticia.com.br\/noticia\/wp-json\/wp\/v2\/posts\/90164","targetHints":{"allow":["GET"]}}],"collection":[{"href":"https:\/\/migracao.redenoticia.com.br\/noticia\/wp-json\/wp\/v2\/posts"}],"about":[{"href":"https:\/\/migracao.redenoticia.com.br\/noticia\/wp-json\/wp\/v2\/types\/post"}],"author":[{"embeddable":true,"href":"https:\/\/migracao.redenoticia.com.br\/noticia\/wp-json\/wp\/v2\/users\/2"}],"replies":[{"embeddable":true,"href":"https:\/\/migracao.redenoticia.com.br\/noticia\/wp-json\/wp\/v2\/comments?post=90164"}],"version-history":[{"count":0,"href":"https:\/\/migracao.redenoticia.com.br\/noticia\/wp-json\/wp\/v2\/posts\/90164\/revisions"}],"wp:featuredmedia":[{"embeddable":true,"href":"https:\/\/migracao.redenoticia.com.br\/noticia\/wp-json\/wp\/v2\/media\/36244"}],"wp:attachment":[{"href":"https:\/\/migracao.redenoticia.com.br\/noticia\/wp-json\/wp\/v2\/media?parent=90164"}],"wp:term":[{"taxonomy":"category","embeddable":true,"href":"https:\/\/migracao.redenoticia.com.br\/noticia\/wp-json\/wp\/v2\/categories?post=90164"},{"taxonomy":"post_tag","embeddable":true,"href":"https:\/\/migracao.redenoticia.com.br\/noticia\/wp-json\/wp\/v2\/tags?post=90164"}],"curies":[{"name":"wp","href":"https:\/\/api.w.org\/{rel}","templated":true}]}}