{"id":9018,"date":"2009-08-18T18:42:35","date_gmt":"2009-08-18T22:42:35","guid":{"rendered":"http:\/\/www.redenoticia.com.br\/noticia\/?p=9018"},"modified":"2009-08-18T18:42:35","modified_gmt":"2009-08-18T22:42:35","slug":"trio-lata-eletrica-marca-presenca-na-festa-do-peao-de-boiadeiro-de-barretos","status":"publish","type":"post","link":"https:\/\/migracao.redenoticia.com.br\/noticia\/2009\/trio-lata-eletrica-marca-presenca-na-festa-do-peao-de-boiadeiro-de-barretos\/9018","title":{"rendered":"Trio Lata El\u00e9trica marca presen\u00e7a na Festa do Pe\u00e3o de Boiadeiro de Barretos"},"content":{"rendered":"<p>Come\u00e7a na pr\u00f3xima quinta &#8211; feira, 20 de agosto, a 54\u00aa festa do Pe\u00e3o de Boiadeiro de Barretos,\u00a0o mais antigo e maior evento do g\u00eanero na Am\u00e9rica Latina. Dentre as diversas atra\u00e7\u00f5es oferecidas no parque, uma em especial vai chamar a aten\u00e7\u00e3o do p\u00fablico presente, e n\u00e3o ser\u00e1 a presen\u00e7a de nenhum artista internacional, mas sim, um trio el\u00e9trico em formato de uma lata de cerveja gigante. A Lata el\u00e9trica \u00e9 um produto desenvolvido pela MB Produ\u00e7\u00f5es, empresa especialista na constru\u00e7\u00e3o de ve\u00edculos especiais para shows e eventos,\u00a0e no caso da Lata, esta com direito de explora\u00e7\u00e3o com exclusividade pela a AmBEv.\u00a0O projeto foi inspirado nos trios el\u00e9tricos musicais, e consiste em uma lata de cerveja gigante (600 vezes maior que uma lata comum), pesa 10 toneladas, conta com dois motores independentes, tra\u00e7\u00e3o 4&#215;4, fabricada com material importado e movida por controle remoto, seu transporte\u00a0nas estradas \u00e9 feito por meio de outro caminh\u00e3o, conhecido como prancha.<\/p>\n<p>O designer e autenticidade do produto chamam a aten\u00e7\u00e3o de todos que est\u00e3o por perto. \u201cNossa inten\u00e7\u00e3o foi criar uma ferramenta promocional com grande poder de visibilidade da marca, onde o consumidor sem perceber, fica horas olhando para a lata de cerveja ao assistir \u00e0 apresenta\u00e7\u00e3o de bandas ou DJ`s na Lata, \u00a0memorizando a imagem do produto num momento de descontra\u00e7\u00e3o, exatamente quando esta propenso e desarmado para receber este tipo de informa\u00e7\u00e3o. Todo mundo p\u00e1ra pra ver ou tirar uma foto ao lado do trio Lata, diz Marcello Borgerth, diretor de eventos da MB Produ\u00e7\u00f5es.<\/p>\n<p>Na festa do Pe\u00e3o de Barretos, a Lata El\u00e9trica estar\u00e1 presente no dias 22 e 29 de agosto, servindo de palco para apresenta\u00e7\u00f5es de Dj\u2019s, artistas e bandas musicais.<\/p>\n<p><strong>A Festa do Pe\u00e3o de Barretos<\/strong><\/p>\n<p>O mais antigo e maior evento do g\u00eanero na Am\u00e9rica Latina comemora 54 anos em 2009. Um dos presentes \u00e9 a realiza\u00e7\u00e3o da Copa do Mundo de Rodeio, que pela primeira vez acontece no Brasil. Al\u00e9m da Copa, o evento tamb\u00e9m recebe diversas outras atra\u00e7\u00f5es em seus 11 dias de programa\u00e7\u00e3o intensa, de 20 a 30 de agosto. S\u00e3o atra\u00e7\u00f5es culturais, gastron\u00f4micas, de entretenimento e esportivas que acontecem simultaneamente no Parque do Pe\u00e3o, um complexo de 2 milh\u00f5es de metros quadrados com infra-estrutura completa para receber eventos de grande porte. S\u00e3o registradas mais de 800 mil visitas nos 11 dias do evento. Um cen\u00e1rio ideal para o investimento de grandes patrocinadores que utilizam esta verdadeira vitrine a c\u00e9u aberto para divulgar suas marcas.<\/p>\n<p>A disputa da Copa do Mundo acontece no Est\u00e1dio de Rodeios, projetado pelo arquiteto Oscar Niemeyer, \u00e9 o maior da Am\u00e9rica Latina e tem capacidade para at\u00e9 35 mil pessoas sentadas. Nele tamb\u00e9m s\u00e3o realizadas as outras provas de rodeio que a Festa abrigar\u00e1 incluindo o 17\u00ba Barretos International Rodeo.<\/p>\n<p>A festa tamb\u00e9m conta com diversas atra\u00e7\u00f5es musicais que prometem esquentar as arenas. Entre elas est\u00e3o Sorriso Maroto, Latino, Zez\u00e9 di Camargo &amp; Luciano, Edson &amp; Hudson, Thales &amp; Thiago, Vitor &amp; L\u00e9o, Banda Eva, Roberto Carlos, Alexandre Pires, Gian &amp; Giovani, Chit\u00e3ozinho &amp; Xoror\u00f3 e Rio Negro &amp; Solim\u00f5es.<\/p>\n","protected":false},"excerpt":{"rendered":"<p>Come\u00e7a na pr\u00f3xima quinta &#8211; feira, 20 de agosto, a 54\u00aa festa do Pe\u00e3o de Boiadeiro de Barretos,\u00a0o mais antigo e maior evento do g\u00eanero na Am\u00e9rica Latina. Dentre as diversas atra\u00e7\u00f5es oferecidas no parque, uma em especial vai chamar a aten\u00e7\u00e3o do p\u00fablico presente, e n\u00e3o ser\u00e1 a presen\u00e7a de nenhum artista internacional, mas [&hellip;]<\/p>\n","protected":false},"author":2,"featured_media":0,"comment_status":"open","ping_status":"open","sticky":false,"template":"","format":"standard","meta":{"tdm_status":"","tdm_grid_status":"","footnotes":""},"categories":[22],"tags":[],"class_list":{"0":"post-9018","1":"post","2":"type-post","3":"status-publish","4":"format-standard","6":"category-brasil"},"_links":{"self":[{"href":"https:\/\/migracao.redenoticia.com.br\/noticia\/wp-json\/wp\/v2\/posts\/9018","targetHints":{"allow":["GET"]}}],"collection":[{"href":"https:\/\/migracao.redenoticia.com.br\/noticia\/wp-json\/wp\/v2\/posts"}],"about":[{"href":"https:\/\/migracao.redenoticia.com.br\/noticia\/wp-json\/wp\/v2\/types\/post"}],"author":[{"embeddable":true,"href":"https:\/\/migracao.redenoticia.com.br\/noticia\/wp-json\/wp\/v2\/users\/2"}],"replies":[{"embeddable":true,"href":"https:\/\/migracao.redenoticia.com.br\/noticia\/wp-json\/wp\/v2\/comments?post=9018"}],"version-history":[{"count":0,"href":"https:\/\/migracao.redenoticia.com.br\/noticia\/wp-json\/wp\/v2\/posts\/9018\/revisions"}],"wp:attachment":[{"href":"https:\/\/migracao.redenoticia.com.br\/noticia\/wp-json\/wp\/v2\/media?parent=9018"}],"wp:term":[{"taxonomy":"category","embeddable":true,"href":"https:\/\/migracao.redenoticia.com.br\/noticia\/wp-json\/wp\/v2\/categories?post=9018"},{"taxonomy":"post_tag","embeddable":true,"href":"https:\/\/migracao.redenoticia.com.br\/noticia\/wp-json\/wp\/v2\/tags?post=9018"}],"curies":[{"name":"wp","href":"https:\/\/api.w.org\/{rel}","templated":true}]}}