{"id":9021,"date":"2009-08-18T19:33:01","date_gmt":"2009-08-18T23:33:01","guid":{"rendered":"http:\/\/www.redenoticia.com.br\/noticia\/?p=9021"},"modified":"2009-08-18T19:35:31","modified_gmt":"2009-08-18T23:35:31","slug":"cidade-de-sao-paulo-decreta-termino-do-estado-de-atencao","status":"publish","type":"post","link":"https:\/\/migracao.redenoticia.com.br\/noticia\/2009\/cidade-de-sao-paulo-decreta-termino-do-estado-de-atencao\/9021","title":{"rendered":"Cidade de S\u00e3o Paulo decreta t\u00e9rmino do estado de aten\u00e7\u00e3o"},"content":{"rendered":"<p>As \u00e1reas de instabilidade que provocaram pancadas de chuva entre as Zonas Norte, Leste, Oeste e Centro da Capital paulista j\u00e1 se afastam em dire\u00e7\u00e3o aos munic\u00edpios do Vale do Para\u00edba. Com isso, o Centro de Gerenciamento de Emerg\u00eancias (CGE) da Prefeitura decretou o t\u00e9rmino do estado de aten\u00e7\u00e3o na Cidade \u00e0s 16h45. \u00a0De acordo com os meteorologistas da Somar, restam apenas chuvas fracas e isoladas entre os bairros do Trememb\u00e9, Penha, Ermelino Matarazzo e S\u00e3o Miguel Paulista. Na Grande S\u00e3o Paulo, os pontos de maior intensidade se concentram entre Guarulhos, Mairipor\u00e3, Aruj\u00e1 e Itaquaquecetuba.\u00a0<\/p>\n<p>Por volta das 15h50, foi observada queda de granizo acompanhada de rajadas de vento na Regi\u00e3o do Tucuruvi, Zona Norte, pr\u00f3ximo \u00e0 Rua Fel\u00edcio Tarabay. \u00a0Durante o estado de aten\u00e7\u00e3o, a Companhia de Engenharia de Tr\u00e1fego (CET) registrou dois pontos de alagamento, um transit\u00e1vel e outro intransit\u00e1vel.<\/p>\n<p>Para o decorrer da noite, a previs\u00e3o \u00e9 de que outras \u00e1reas de instabilidade provoquem chuvas intercaladas com per\u00edodos de melhoria. Por conta da frente fria, o tempo segue inst\u00e1vel em S\u00e3o Paulo pelo menos at\u00e9 a sexta-feira (21). A maior cobertura de nuvens n\u00e3o deixa a temperatura subir muito e a m\u00e1xima n\u00e3o deve ultrapassar os 24\u00baC na Capital. No fim de semana, a sensa\u00e7\u00e3o ser\u00e1 de frio, e as temperaturas n\u00e3o ultrapassam os 20\u00baC.<\/p>\n","protected":false},"excerpt":{"rendered":"<p>As \u00e1reas de instabilidade que provocaram pancadas de chuva entre as Zonas Norte, Leste, Oeste e Centro da Capital paulista j\u00e1 se afastam em dire\u00e7\u00e3o aos munic\u00edpios do Vale do Para\u00edba. Com isso, o Centro de Gerenciamento de Emerg\u00eancias (CGE) da Prefeitura decretou o t\u00e9rmino do estado de aten\u00e7\u00e3o na Cidade \u00e0s 16h45. \u00a0De acordo [&hellip;]<\/p>\n","protected":false},"author":3,"featured_media":0,"comment_status":"open","ping_status":"open","sticky":false,"template":"","format":"standard","meta":{"tdm_status":"","tdm_grid_status":"","footnotes":""},"categories":[22,327],"tags":[],"class_list":{"0":"post-9021","1":"post","2":"type-post","3":"status-publish","4":"format-standard","6":"category-brasil","7":"category-clima"},"_links":{"self":[{"href":"https:\/\/migracao.redenoticia.com.br\/noticia\/wp-json\/wp\/v2\/posts\/9021","targetHints":{"allow":["GET"]}}],"collection":[{"href":"https:\/\/migracao.redenoticia.com.br\/noticia\/wp-json\/wp\/v2\/posts"}],"about":[{"href":"https:\/\/migracao.redenoticia.com.br\/noticia\/wp-json\/wp\/v2\/types\/post"}],"author":[{"embeddable":true,"href":"https:\/\/migracao.redenoticia.com.br\/noticia\/wp-json\/wp\/v2\/users\/3"}],"replies":[{"embeddable":true,"href":"https:\/\/migracao.redenoticia.com.br\/noticia\/wp-json\/wp\/v2\/comments?post=9021"}],"version-history":[{"count":0,"href":"https:\/\/migracao.redenoticia.com.br\/noticia\/wp-json\/wp\/v2\/posts\/9021\/revisions"}],"wp:attachment":[{"href":"https:\/\/migracao.redenoticia.com.br\/noticia\/wp-json\/wp\/v2\/media?parent=9021"}],"wp:term":[{"taxonomy":"category","embeddable":true,"href":"https:\/\/migracao.redenoticia.com.br\/noticia\/wp-json\/wp\/v2\/categories?post=9021"},{"taxonomy":"post_tag","embeddable":true,"href":"https:\/\/migracao.redenoticia.com.br\/noticia\/wp-json\/wp\/v2\/tags?post=9021"}],"curies":[{"name":"wp","href":"https:\/\/api.w.org\/{rel}","templated":true}]}}