{"id":90229,"date":"2016-07-13T10:07:08","date_gmt":"2016-07-13T13:07:08","guid":{"rendered":"http:\/\/www.redenoticia.com.br\/noticia\/?p=90229"},"modified":"2016-07-12T19:01:42","modified_gmt":"2016-07-12T22:01:42","slug":"sindrome-respiratoria-aguda-grave-matou-39-pessoas-em-sorocaba-em-2016","status":"publish","type":"post","link":"https:\/\/migracao.redenoticia.com.br\/noticia\/2016\/sindrome-respiratoria-aguda-grave-matou-39-pessoas-em-sorocaba-em-2016\/90229","title":{"rendered":"S\u00edndrome respirat\u00f3ria aguda grave matou 39 pessoas em Sorocaba, em 2016"},"content":{"rendered":"<p> A Secretaria de Sa\u00fade de Sorocaba (SP) divulgou que ocorreram 39 mortes no munic\u00edpio em 2016 causados pela s\u00edndrome respirat\u00f3ria aguda grave (SRAG), dos quais 11 estavam associados ao v\u00edrus <strong><em>Influenza A H1N1<\/em><\/strong>. A quantidade de mortes, segundo balan\u00e7o divulgado pela secretaria, \u00e9 mais do que tr\u00eas vezes superior \u00e0 registrada no ano anterior. Nos doze meses de 2015, a cidade teve 12 \u00f3bitos causados pela SRAG, nenhum deles relacionados a H1N1.<\/p>\n<p>Segundo a Divis\u00e3o de Vigil\u00e2ncia Epidemiol\u00f3gica de Sorocaba, os 204 casos de SRAG confirmados por influenza A (H1N1) em 2016 ocorreram em todas as faixas et\u00e1rias, com maior preval\u00eancia (61%) na popula\u00e7\u00e3o de 20 \u00e0 59 anos, seguida nos menores de 19 anos (22%) e em menor n\u00famero nos maiores de 60 anos (17%).<\/p>\n<p>A s\u00edndrome respirat\u00f3ria aguda grave  \u00e9 um quadro cl\u00ednico grave caracterizado pela presen\u00e7a da s\u00edndrome gripal, associada a sintomas como desconforto respirat\u00f3rio, aumento da frequ\u00eancia respirat\u00f3ria e press\u00e3o baixa. Este quadro pode ser causado por uma s\u00e9rie de doen\u00e7as, entre as quais a gripe Influenza A (H1N1).<\/p>\n<p>Vacina\u00e7\u00e3o<\/p>\n<p>Segundo a Secretaria de Sa\u00fade de Sorocaba, o munic\u00edpio atingiu a meta de imunizar em 2016, ao menos, 80% do p\u00fablico de risco contra o v\u00edrus A H1N1. De acordo com o Minist\u00e9rio da Sa\u00fade, mais de 47,6 milh\u00f5es de pessoas no pa\u00eds j\u00e1 se vacinaram contra a influenza neste ano, o que representa uma cobertura de 95,5% do p\u00fablico-alvo da campanha, de 49,8 milh\u00f5es de pessoas.<\/p>\n<p>Neste ano, at\u00e9 30 de maio, foram registrados 4.704 casos de influenza de todos os tipos no Brasil e 764 \u00f3bitos. Deste total, 3.978 foram por influenza A (H1N1), com registro de um caso importado (o v\u00edrus foi contra\u00eddo em outro pa\u00eds).<\/p>\n<p>Bruno Bocchini &#8211; Rep\u00f3rter da Ag\u00eancia Brasil<br \/>\nEdi\u00e7\u00e3o: F\u00e1bio Massalli<br \/>\n13\/07\/2016<\/p>\n","protected":false},"excerpt":{"rendered":"<p>A Secretaria de Sa\u00fade de Sorocaba (SP) divulgou que ocorreram 39 mortes no munic\u00edpio em 2016 causados pela s\u00edndrome respirat\u00f3ria aguda grave (SRAG), dos quais 11 estavam associados ao v\u00edrus Influenza A H1N1. A quantidade de mortes, segundo balan\u00e7o divulgado pela secretaria, \u00e9 mais do que tr\u00eas vezes superior \u00e0 registrada no ano anterior. Nos [&hellip;]<\/p>\n","protected":false},"author":2,"featured_media":57579,"comment_status":"open","ping_status":"closed","sticky":false,"template":"","format":"standard","meta":{"tdm_status":"","tdm_grid_status":"","footnotes":""},"categories":[22,5],"tags":[],"class_list":{"0":"post-90229","1":"post","2":"type-post","3":"status-publish","4":"format-standard","5":"has-post-thumbnail","7":"category-brasil","8":"category-saude-e-vida"},"_links":{"self":[{"href":"https:\/\/migracao.redenoticia.com.br\/noticia\/wp-json\/wp\/v2\/posts\/90229","targetHints":{"allow":["GET"]}}],"collection":[{"href":"https:\/\/migracao.redenoticia.com.br\/noticia\/wp-json\/wp\/v2\/posts"}],"about":[{"href":"https:\/\/migracao.redenoticia.com.br\/noticia\/wp-json\/wp\/v2\/types\/post"}],"author":[{"embeddable":true,"href":"https:\/\/migracao.redenoticia.com.br\/noticia\/wp-json\/wp\/v2\/users\/2"}],"replies":[{"embeddable":true,"href":"https:\/\/migracao.redenoticia.com.br\/noticia\/wp-json\/wp\/v2\/comments?post=90229"}],"version-history":[{"count":0,"href":"https:\/\/migracao.redenoticia.com.br\/noticia\/wp-json\/wp\/v2\/posts\/90229\/revisions"}],"wp:featuredmedia":[{"embeddable":true,"href":"https:\/\/migracao.redenoticia.com.br\/noticia\/wp-json\/wp\/v2\/media\/57579"}],"wp:attachment":[{"href":"https:\/\/migracao.redenoticia.com.br\/noticia\/wp-json\/wp\/v2\/media?parent=90229"}],"wp:term":[{"taxonomy":"category","embeddable":true,"href":"https:\/\/migracao.redenoticia.com.br\/noticia\/wp-json\/wp\/v2\/categories?post=90229"},{"taxonomy":"post_tag","embeddable":true,"href":"https:\/\/migracao.redenoticia.com.br\/noticia\/wp-json\/wp\/v2\/tags?post=90229"}],"curies":[{"name":"wp","href":"https:\/\/api.w.org\/{rel}","templated":true}]}}