{"id":9023,"date":"2009-08-18T19:34:38","date_gmt":"2009-08-18T23:34:38","guid":{"rendered":"http:\/\/www.redenoticia.com.br\/noticia\/?p=9023"},"modified":"2009-08-18T19:34:38","modified_gmt":"2009-08-18T23:34:38","slug":"seca-ja-dura-65-dias-em-brasilia","status":"publish","type":"post","link":"https:\/\/migracao.redenoticia.com.br\/noticia\/2009\/seca-ja-dura-65-dias-em-brasilia\/9023","title":{"rendered":"Seca j\u00e1 dura 65 dias em Bras\u00edlia"},"content":{"rendered":"<p>A boa not\u00edcia \u00e9 que a mesma frente fria que nesta ter\u00e7a-feira j\u00e1 provoca bastante chuva no Sul do Brasil e no sul de Mato Grosso do Sul vai conseguir quebrar o bloqueio deste ar seco, de acordo com a Climatempo. \u00a0Amanh\u00e3, a chuva ocorre por todo o Estado de Mato Grosso do Sul, assim como no oeste de Mato Grosso. Na quinta-feira, a chuva aumenta em Campo Grande. Na sexta-feira a nebulosidade aumenta e ocorrem pancadas de chuva no sul de Goi\u00e1s. A melhora na qualidade do ar ser\u00e1 sentida no Distrito Federal, apenas no fim de semana, principalmente no s\u00e1bado quando ocorrem pancadas de chuva.<\/p>\n<p>Durante o outono\/inverno muitas regi\u00f5es brasileiras passam por um longo per\u00edodo de estiagem e \u00e9 nesta \u00e9poca do ano que o ar seco atua com maior intensidade e inibe a forma\u00e7\u00e3o de nuvens de chuva, como \u00e9 o caso de Bras\u00edlia que est\u00e1 prestes a completar hoje 65 dias sem chuva.<\/p>\n<p>Para se ter uma id\u00e9ia de como a chance de chuva nesta \u00e9poca \u00e9 baixa, no m\u00eas de julho n\u00e3o houve registro de chuva e neste m\u00eas de agosto ainda n\u00e3o caiu uma gota sequer na capital federal, segundo o Instituto Nacional de Meteorologia. No m\u00eas de junho foram registrados apenas dois epis\u00f3dios de precipita\u00e7\u00e3o na cidade, mas que n\u00e3o chegaram acumular 10 mil\u00edmetros. A \u00faltima vez que choveu significativamente na capital foi no dia 13 de junho.<\/p>\n<p>A m\u00e9dia hist\u00f3rica de chuva para junho \u00e9 de 8,8 mil\u00edmetros e para julho, 11,8 mil\u00edmetros. Portanto, esta falta de chuva \u00e9 uma situa\u00e7\u00e3o normal para a \u00e9poca do ano. Agora em agosto, a m\u00e9dia fica em torno de 12,8 mil\u00edmetros.<\/p>\n<p>Sobre o Grupo Climatempo &#8211;\u00a0O Grupo Climatempo \u00e9 a maior empresa privada de meteorologia do pa\u00eds. Uma holding formada pela Climatempo Consultoria, Ag\u00eancia Climatempo, a TV Climatempo e a CLIMANET (Internet, servi\u00e7os de tecnologia e inform\u00e1tica). Atualmente, o Grupo Climatempo fornece conte\u00fado para os principais portais do pa\u00eds, mais de 50 retransmissoras de televis\u00e3o do Brasil, r\u00e1dios e tem cerca de mil clientes. Os dois principais segmentos atendidos s\u00e3o o de agroneg\u00f3cios e meios de comunica\u00e7\u00e3o. Al\u00e9m destes, fornece conte\u00fado meteorol\u00f3gico estrat\u00e9gico para produtoras, a ind\u00fastria eletroeletr\u00f4nica e t\u00eaxtil, com\u00e9rcio, moda e turismo, constru\u00e7\u00e3o civil, setor de energia, entre outros setores.<\/p>\n","protected":false},"excerpt":{"rendered":"<p>A boa not\u00edcia \u00e9 que a mesma frente fria que nesta ter\u00e7a-feira j\u00e1 provoca bastante chuva no Sul do Brasil e no sul de Mato Grosso do Sul vai conseguir quebrar o bloqueio deste ar seco, de acordo com a Climatempo. \u00a0Amanh\u00e3, a chuva ocorre por todo o Estado de Mato Grosso do Sul, assim [&hellip;]<\/p>\n","protected":false},"author":3,"featured_media":0,"comment_status":"open","ping_status":"open","sticky":false,"template":"","format":"standard","meta":{"tdm_status":"","tdm_grid_status":"","footnotes":""},"categories":[22,327],"tags":[],"class_list":{"0":"post-9023","1":"post","2":"type-post","3":"status-publish","4":"format-standard","6":"category-brasil","7":"category-clima"},"_links":{"self":[{"href":"https:\/\/migracao.redenoticia.com.br\/noticia\/wp-json\/wp\/v2\/posts\/9023","targetHints":{"allow":["GET"]}}],"collection":[{"href":"https:\/\/migracao.redenoticia.com.br\/noticia\/wp-json\/wp\/v2\/posts"}],"about":[{"href":"https:\/\/migracao.redenoticia.com.br\/noticia\/wp-json\/wp\/v2\/types\/post"}],"author":[{"embeddable":true,"href":"https:\/\/migracao.redenoticia.com.br\/noticia\/wp-json\/wp\/v2\/users\/3"}],"replies":[{"embeddable":true,"href":"https:\/\/migracao.redenoticia.com.br\/noticia\/wp-json\/wp\/v2\/comments?post=9023"}],"version-history":[{"count":0,"href":"https:\/\/migracao.redenoticia.com.br\/noticia\/wp-json\/wp\/v2\/posts\/9023\/revisions"}],"wp:attachment":[{"href":"https:\/\/migracao.redenoticia.com.br\/noticia\/wp-json\/wp\/v2\/media?parent=9023"}],"wp:term":[{"taxonomy":"category","embeddable":true,"href":"https:\/\/migracao.redenoticia.com.br\/noticia\/wp-json\/wp\/v2\/categories?post=9023"},{"taxonomy":"post_tag","embeddable":true,"href":"https:\/\/migracao.redenoticia.com.br\/noticia\/wp-json\/wp\/v2\/tags?post=9023"}],"curies":[{"name":"wp","href":"https:\/\/api.w.org\/{rel}","templated":true}]}}