{"id":90279,"date":"2016-07-13T15:41:03","date_gmt":"2016-07-13T18:41:03","guid":{"rendered":"http:\/\/www.redenoticia.com.br\/noticia\/?p=90279"},"modified":"2016-07-13T15:41:03","modified_gmt":"2016-07-13T18:41:03","slug":"novela-chamas-da-vida-resumo-1407-pedro-perde-a-guarda-de-vivi-e-rafa","status":"publish","type":"post","link":"https:\/\/migracao.redenoticia.com.br\/noticia\/2016\/novela-chamas-da-vida-resumo-1407-pedro-perde-a-guarda-de-vivi-e-rafa\/90279","title":{"rendered":"Novela \u201cChamas da Vida\u201d resumo 14\/07: Pedro perde a guarda de Vivi e Rafa"},"content":{"rendered":"<p> <img loading=\"lazy\" decoding=\"async\" class=\"alignleft size-thumbnail wp-image-82020\" src=\"https:\/\/migracao.redenoticia.com.br\/noticia\/imagens\/chamas_da_vida_resumo_novela-150x112.jpeg\" alt=\"chamas_da_vida_resumo_novela\" width=\"150\" height=\"112\" \/><strong><em>Novela \u201cChamas da Vida\u201d resumo 14\/07<\/em><\/strong>: Xavier lan\u00e7a uma bebida alco\u00f3lica sobre Pedro, que est\u00e1 inconsciente. Xavier deixa Pedro abandonado num local ermo. A secret\u00e1ria do juiz avisa que a audi\u00eancia vai come\u00e7ar. Vilma liga para Xavier e avisa que o plano deu certo. O juiz pergunta se as partes est\u00e3o na audi\u00eancia. Flavia diz que Pedro ainda n\u00e3o chegou. O Juiz diz que a audi\u00eancia \u00e9 importante para ele n\u00e3o chegar. A advogada pede quarenta e oito horas para esclarecer o que est\u00e1 a acontecer. O Juiz nega, mas diz que vai resolver outra audi\u00eancia antes da de Pedro. Pedro acorda completamente grogue e nota que lhe levaram a carteira. Ele vai para a audi\u00eancia. O juiz decide que Vivi e Rafa devem ficar sob a guarda de Mercedes. Pedro fica chocado e diz que o juiz est\u00e1 a ser injusto com ele. O juiz manda Pedro entregar as crian\u00e7as em vinte e quatro horas.<\/p>\n<p>No capitulo 182(*), novela \u201cChamas da Vida\u201d, quinta-feira, 14 de julho &#8211; Xavier lan\u00e7a uma bebida alco\u00f3lica sobre Pedro, que est\u00e1 inconsciente. Xavier deixa Pedro abandonado num local ermo. Vilma e Mercedes encontram-se com o advogado, que diz que o caso \u00e9 dif\u00edcil. Dra. Flavia chega e o advogado de Mercedes diz que Pedro est\u00e1 atrasado. Vilma pergunta o que acontece se Pedro n\u00e3o chegar \u00e0 audi\u00eancia. O advogado diz que o juiz vai dar a guarda para Mercedes at\u00e9 que seja explicado o motivo da aus\u00eancia dele. <\/p>\n<p>Demoro vai a casa de Vivi e de Rafa para fazer companhia. Flavia tenta ligar a Pedro, mas o telem\u00f3vel est\u00e1 desligado. Flavia liga para a casa de Pedro. Vivi atende. Carolina despede-se de Arlete e diz para ela ouvir as recomenda\u00e7\u00f5es m\u00e9dicas. A secret\u00e1ria do juiz avisa que a audi\u00eancia vai come\u00e7ar. Vilma liga para Xavier e avisa que o plano deu certo. O juiz pergunta se as partes est\u00e3o na audi\u00eancia. Flavia diz que Pedro ainda n\u00e3o chegou. O Juiz diz que a audi\u00eancia \u00e9 importante para ele n\u00e3o chegar. <\/p>\n<p>A advogada pede quarenta e oito horas para esclarecer o que est\u00e1 a acontecer. O Juiz nega, mas diz que vai resolver outra audi\u00eancia antes da de Pedro. Pedro acorda completamente grogue e nota que lhe levaram a carteira. Ele vai para a audi\u00eancia. Ant\u00f4nio diz a Beatriz que se o juiz lhes tirar Rafa e Vivi, ele mata Vilma. Ant\u00f4nio diz que pelo menos livra a fam\u00edlia de Vilma. Beatriz diz que Vilma vai parar. Ant\u00f4nio pergunta como e quando. Beatriz diz para ele confiar nela.<\/p>\n<p>(*) edi\u00e7\u00e3o da Rede Record, Novela \u201cChamas da Vida\u201d, sujeito a altera\u00e7\u00e3o de data e conte\u00fado. <\/p>\n","protected":false},"excerpt":{"rendered":"<p>Novela \u201cChamas da Vida\u201d resumo 14\/07: Xavier lan\u00e7a uma bebida alco\u00f3lica sobre Pedro, que est\u00e1 inconsciente. Xavier deixa Pedro abandonado num local ermo. A secret\u00e1ria do juiz avisa que a audi\u00eancia vai come\u00e7ar. Vilma liga para Xavier e avisa que o plano deu certo. O juiz pergunta se as partes est\u00e3o na audi\u00eancia. Flavia diz [&hellip;]<\/p>\n","protected":false},"author":2,"featured_media":82020,"comment_status":"open","ping_status":"closed","sticky":false,"template":"","format":"standard","meta":{"tdm_status":"","tdm_grid_status":"","footnotes":""},"categories":[379,371,343],"tags":[441],"class_list":{"0":"post-90279","1":"post","2":"type-post","3":"status-publish","4":"format-standard","5":"has-post-thumbnail","7":"category-novelas","8":"category-rede-record","9":"category-televisao","10":"tag-resumo-do-dia"},"_links":{"self":[{"href":"https:\/\/migracao.redenoticia.com.br\/noticia\/wp-json\/wp\/v2\/posts\/90279","targetHints":{"allow":["GET"]}}],"collection":[{"href":"https:\/\/migracao.redenoticia.com.br\/noticia\/wp-json\/wp\/v2\/posts"}],"about":[{"href":"https:\/\/migracao.redenoticia.com.br\/noticia\/wp-json\/wp\/v2\/types\/post"}],"author":[{"embeddable":true,"href":"https:\/\/migracao.redenoticia.com.br\/noticia\/wp-json\/wp\/v2\/users\/2"}],"replies":[{"embeddable":true,"href":"https:\/\/migracao.redenoticia.com.br\/noticia\/wp-json\/wp\/v2\/comments?post=90279"}],"version-history":[{"count":0,"href":"https:\/\/migracao.redenoticia.com.br\/noticia\/wp-json\/wp\/v2\/posts\/90279\/revisions"}],"wp:featuredmedia":[{"embeddable":true,"href":"https:\/\/migracao.redenoticia.com.br\/noticia\/wp-json\/wp\/v2\/media\/82020"}],"wp:attachment":[{"href":"https:\/\/migracao.redenoticia.com.br\/noticia\/wp-json\/wp\/v2\/media?parent=90279"}],"wp:term":[{"taxonomy":"category","embeddable":true,"href":"https:\/\/migracao.redenoticia.com.br\/noticia\/wp-json\/wp\/v2\/categories?post=90279"},{"taxonomy":"post_tag","embeddable":true,"href":"https:\/\/migracao.redenoticia.com.br\/noticia\/wp-json\/wp\/v2\/tags?post=90279"}],"curies":[{"name":"wp","href":"https:\/\/api.w.org\/{rel}","templated":true}]}}