{"id":9028,"date":"2009-08-18T22:27:02","date_gmt":"2009-08-19T02:27:02","guid":{"rendered":"http:\/\/www.redenoticia.com.br\/noticia\/?p=9028"},"modified":"2009-08-18T22:27:02","modified_gmt":"2009-08-19T02:27:02","slug":"ambev-conquista-xix-premio-fgv-de-excelencia-empresarial","status":"publish","type":"post","link":"https:\/\/migracao.redenoticia.com.br\/noticia\/2009\/ambev-conquista-xix-premio-fgv-de-excelencia-empresarial\/9028","title":{"rendered":"AmBev conquista XIX Pr\u00eamio FGV de Excel\u00eancia Empresarial"},"content":{"rendered":"<p style=\"margin: 0cm; margin-bottom: .0001pt; text-align: justify;\"><span style=\"font-family: &quot;Arial&quot;,&quot;sans-serif&quot;; color: black;\">A AmBev recebeu hoje (18\/08) o Pr\u00eamio FGV de Excel\u00eancia Empresarial na categoria Setor de Bebidas. O pr\u00eamio \u00e9 concedido pela revista Conjuntura Econ\u00f4mica, editada pelo Instituto Brasileiro de Economia da Funda\u00e7\u00e3o Get\u00falio Vargas. A cerim\u00f4nia de premia\u00e7\u00e3o ser\u00e1 realizada hoje, dia 18 de agosto, em S\u00e3o Paulo.<\/span><\/p>\n<p style=\"margin: 0cm; margin-bottom: .0001pt; text-align: justify;\"><span style=\"font-family: &quot;Arial&quot;,&quot;sans-serif&quot;; color: black;\"> <\/span><\/p>\n<p style=\"margin: 0cm; margin-bottom: .0001pt; text-align: justify;\"><span style=\"font-family: &quot;Arial&quot;,&quot;sans-serif&quot;; color: black;\">Este pr\u00eamio \u00e9\u00a0um reconhecimento pelos<span> <\/span>resultados\u00a0obtidos pela AmBev no \u00faltimo ano. Em 2008, a companhia atingiu volume de vendas de 142,9 milh\u00f5es de hectolitros de bebidas e receita l\u00edquida de R$ 19,6 bilh\u00f5es. Sua reconhecida excel\u00eancia em gest\u00e3o gera retorno aos seus acionistas\u00a0de forma\u00a0sustent\u00e1vel.<\/span><\/p>\n<p style=\"margin: 0cm; margin-bottom: .0001pt; text-align: justify;\"><span style=\"font-family: &quot;Arial&quot;,&quot;sans-serif&quot;; color: black;\"> <\/span><\/p>\n<p style=\"margin: 0cm; margin-bottom: .0001pt; text-align: justify;\"><span style=\"font-family: &quot;Arial&quot;,&quot;sans-serif&quot;; color: black;\">A AmBev reaproveita 98,2% dos subprodutos gerados em suas f\u00e1bricas. Nos \u00faltimos seis anos, a empresa reduziu em 23% o consumo de \u00e1gua utilizada no processo de produ\u00e7\u00e3o, e nos \u00faltimos cinco anos, diminuiu em 35% a emiss\u00e3o de gases poluentes.<\/span><\/p>\n<p style=\"margin: 0cm; margin-bottom: .0001pt; text-align: justify;\"><span style=\"font-family: &quot;Arial&quot;,&quot;sans-serif&quot;; color: black;\"> <\/span><\/p>\n<p style=\"margin: 0cm; margin-bottom: .0001pt; text-align: justify;\"><span style=\"font-family: &quot;Arial&quot;,&quot;sans-serif&quot;; color: black;\">Carlos Henrique Fernandes Silva, Gerente de Rela\u00e7\u00f5es Corporativas da AmBev, diz que a premia\u00e7\u00e3o \u00e9 um importante reconhecimento dos esfor\u00e7os da companhia para gerar valor para toda sociedade. &#8220;Este pr\u00eamio \u00e9, acima de tudo, fruto do trabalho de nossa gente &#8211; nossa principal vantagem competitiva &#8211; que \u00e9 movida por uma paix\u00e3o pelo que faz e que busca sempre a supera\u00e7\u00e3o no desempenho. Este \u00e9 o nosso jeito de ser e representa<span> <\/span>nossa maior for\u00e7a&#8221;, afirma Carlos Henrique.<\/span><\/p>\n<p style=\"margin: 0cm; margin-bottom: .0001pt; text-align: justify;\"><span style=\"font-family: &quot;Arial&quot;,&quot;sans-serif&quot;; color: black;\"> <\/span><\/p>\n<p style=\"margin: 0cm; margin-bottom: .0001pt; text-align: justify;\"><span style=\"font-family: &quot;Arial&quot;,&quot;sans-serif&quot;; color: black;\">Respeitado pela isen\u00e7\u00e3o e credibilidade da Funda\u00e7\u00e3o Getulio Vargas, o Pr\u00eamio FGV de Excel\u00eancia Empresarial \u00e9 o mais importante pr\u00eamio concedido \u00e0s sociedades an\u00f4nimas do pa\u00eds, desde 1991, como resultado de um minucioso trabalho dos economistas e analistas do IBRE (Instituto Brasileiro de Economia).<\/span><\/p>\n<p style=\"margin: 0cm; margin-bottom: .0001pt; text-align: justify;\"><span style=\"font-family: &quot;Arial&quot;,&quot;sans-serif&quot;; color: black;\"> <\/span><\/p>\n<p style=\"margin: 0cm; margin-bottom: .0001pt; text-align: justify;\"><strong><span style=\"font-family: &quot;Arial&quot;,&quot;sans-serif&quot;; color: black;\">Sobre a AmBev<\/span><\/strong><span style=\"font-family: &quot;Arial&quot;,&quot;sans-serif&quot;; color: black;\"> <\/span><\/p>\n<p style=\"margin: 0cm; margin-bottom: .0001pt; text-align: justify;\"><span style=\"font-family: &quot;Arial&quot;,&quot;sans-serif&quot;; color: black;\"> <\/span><\/p>\n<p style=\"margin: 0cm; margin-bottom: .0001pt; text-align: justify;\"><span style=\"font-family: &quot;Arial&quot;,&quot;sans-serif&quot;; color: black;\">Ser a &#8220;Melhor Empresa de Bebidas do Mundo em um Mundo Melhor&#8221;. \u00a0Esta \u00e9 a miss\u00e3o da AmBev, empresa de capital aberto, sediada em S\u00e3o Paulo, no Brasil, com opera\u00e7\u00f5es em 14 pa\u00edses das Am\u00e9ricas (Argentina, Brasil, Bol\u00edvia, Canad\u00e1, Chile, El Salvador, Equador, Guatemala, Nicar\u00e1gua, Paraguai, Peru, Rep\u00fablica Dominicana, Uruguai e Venezuela). Dona de um portf\u00f3lio de &#8220;estrelas&#8221; como Antarctica, Brahma, Bohemia, Skol, Original, Stella Artois; os refrigerantes Guaran\u00e1 Antarctica, Soda, Pepsi e Sukita, al\u00e9m das inova\u00e7\u00f5es H2OH! e Guarah!, a AmBev \u00e9 l\u00edder no ranking das cervejarias na Am\u00e9rica Latina.<\/span><\/p>\n<p style=\"margin: 0cm; margin-bottom: .0001pt; text-align: justify;\"><span style=\"font-family: &quot;Arial&quot;,&quot;sans-serif&quot;; color: black;\"> <\/span><\/p>\n","protected":false},"excerpt":{"rendered":"<p>A AmBev recebeu hoje (18\/08) o Pr\u00eamio FGV de Excel\u00eancia Empresarial na categoria Setor de Bebidas. O pr\u00eamio \u00e9 concedido pela revista Conjuntura Econ\u00f4mica, editada pelo Instituto Brasileiro de Economia da Funda\u00e7\u00e3o Get\u00falio Vargas. A cerim\u00f4nia de premia\u00e7\u00e3o ser\u00e1 realizada hoje, dia 18 de agosto, em S\u00e3o Paulo. Este pr\u00eamio \u00e9\u00a0um reconhecimento pelos resultados\u00a0obtidos pela [&hellip;]<\/p>\n","protected":false},"author":2,"featured_media":0,"comment_status":"open","ping_status":"open","sticky":false,"template":"","format":"standard","meta":{"tdm_status":"","tdm_grid_status":"","footnotes":""},"categories":[7],"tags":[],"class_list":{"0":"post-9028","1":"post","2":"type-post","3":"status-publish","4":"format-standard","6":"category-economia"},"_links":{"self":[{"href":"https:\/\/migracao.redenoticia.com.br\/noticia\/wp-json\/wp\/v2\/posts\/9028","targetHints":{"allow":["GET"]}}],"collection":[{"href":"https:\/\/migracao.redenoticia.com.br\/noticia\/wp-json\/wp\/v2\/posts"}],"about":[{"href":"https:\/\/migracao.redenoticia.com.br\/noticia\/wp-json\/wp\/v2\/types\/post"}],"author":[{"embeddable":true,"href":"https:\/\/migracao.redenoticia.com.br\/noticia\/wp-json\/wp\/v2\/users\/2"}],"replies":[{"embeddable":true,"href":"https:\/\/migracao.redenoticia.com.br\/noticia\/wp-json\/wp\/v2\/comments?post=9028"}],"version-history":[{"count":0,"href":"https:\/\/migracao.redenoticia.com.br\/noticia\/wp-json\/wp\/v2\/posts\/9028\/revisions"}],"wp:attachment":[{"href":"https:\/\/migracao.redenoticia.com.br\/noticia\/wp-json\/wp\/v2\/media?parent=9028"}],"wp:term":[{"taxonomy":"category","embeddable":true,"href":"https:\/\/migracao.redenoticia.com.br\/noticia\/wp-json\/wp\/v2\/categories?post=9028"},{"taxonomy":"post_tag","embeddable":true,"href":"https:\/\/migracao.redenoticia.com.br\/noticia\/wp-json\/wp\/v2\/tags?post=9028"}],"curies":[{"name":"wp","href":"https:\/\/api.w.org\/{rel}","templated":true}]}}