{"id":90298,"date":"2016-07-13T19:23:04","date_gmt":"2016-07-13T22:23:04","guid":{"rendered":"http:\/\/www.redenoticia.com.br\/noticia\/?p=90298"},"modified":"2016-07-13T17:05:51","modified_gmt":"2016-07-13T20:05:51","slug":"novela-sila-resumo-1407-dilaver-continua-com-as-ameacas","status":"publish","type":"post","link":"https:\/\/migracao.redenoticia.com.br\/noticia\/2016\/novela-sila-resumo-1407-dilaver-continua-com-as-ameacas\/90298","title":{"rendered":"Novela \u201cSila\u201d resumo 14\/07: Dilaver continua com as amea\u00e7as"},"content":{"rendered":"<p> <img loading=\"lazy\" decoding=\"async\" class=\"alignleft size-thumbnail wp-image-83098\" src=\"https:\/\/migracao.redenoticia.com.br\/noticia\/imagens\/sila_band_novela_resumo_capitulo-150x112.jpg\" alt=\"sila_band_novela_resumo_capitulo\" width=\"150\" height=\"112\" srcset=\"https:\/\/migracao.redenoticia.com.br\/noticia\/imagens\/sila_band_novela_resumo_capitulo-150x112.jpg 150w, https:\/\/migracao.redenoticia.com.br\/noticia\/imagens\/sila_band_novela_resumo_capitulo-265x198.jpg 265w\" sizes=\"auto, (max-width: 150px) 100vw, 150px\" \/><strong><em> Novela \u201cSila\u201d resumo 14\/07<\/em><\/strong>: Boran investe na constru\u00e7\u00e3o da escola para o povo sem pedir permiss\u00e3o para ningu\u00e9m, e leva Sila para conhecer o local. Dilaver tenta impedir a constru\u00e7\u00e3o e Boran se apresenta contra seu tio Zinar. Por outro lado, muitas pessoas chegam para ajudar Boran. Sila e Boran ficam felizes. Dias depois, Celil diz a Narin e Bedar que Dilaver continua com as amea\u00e7as.<\/p>\n<p>No capitulo 093(*), novela \u201cSila\u201d, quinta-feira, 14 de julho &#8211; Dilaver tenta impedir a constru\u00e7\u00e3o da escola de Boran e ele se apresenta contra seu tio Zinar. Por outro lado, muitas pessoas chegam para ajudar na constru\u00e7\u00e3o da nova escola. Sila e Boran ficam felizes. Boran e Firus s\u00e3o expulsos do conselho.<\/p>\n<p>Boran e o tio discordam sobre o cumprimento das tradi\u00e7\u00f5es do cl\u00e3. Mais uma jovem \u00e9 morta por n\u00e3o obedecer as regras e Boran se sente culpado por isso. Zinar obriga Umu, vi\u00fava de Dihan, a se casar com Dilaver, pois assim manda a tradi\u00e7\u00e3o. Zinar aceita o filho de Esma como neto e permite que ele tenha o sobrenome da fam\u00edlia.<\/p>\n<p> Celil diz a Narin e Bedar que Dilaver continua com as amea\u00e7as. Bedar fica furiosa sobre outra coisa. Enquanto isso, Ayse fala com grande amor e descobre algo importante para dizer a Sila. Ayse descobre quem atirou em Dilaver e conta a Sila.<\/p>\n<p>(*) edi\u00e7\u00e3o da Band, Novela \u201cSila\u201d, sujeito a altera\u00e7\u00e3o de data e conte\u00fado. <\/p>\n","protected":false},"excerpt":{"rendered":"<p>Novela \u201cSila\u201d resumo 14\/07: Boran investe na constru\u00e7\u00e3o da escola para o povo sem pedir permiss\u00e3o para ningu\u00e9m, e leva Sila para conhecer o local. Dilaver tenta impedir a constru\u00e7\u00e3o e Boran se apresenta contra seu tio Zinar. Por outro lado, muitas pessoas chegam para ajudar Boran. Sila e Boran ficam felizes. Dias depois, Celil [&hellip;]<\/p>\n","protected":false},"author":2,"featured_media":83098,"comment_status":"open","ping_status":"closed","sticky":false,"template":"","format":"standard","meta":{"tdm_status":"","tdm_grid_status":"","footnotes":""},"categories":[390,379,343],"tags":[441],"class_list":{"0":"post-90298","1":"post","2":"type-post","3":"status-publish","4":"format-standard","5":"has-post-thumbnail","7":"category-band","8":"category-novelas","9":"category-televisao","10":"tag-resumo-do-dia"},"_links":{"self":[{"href":"https:\/\/migracao.redenoticia.com.br\/noticia\/wp-json\/wp\/v2\/posts\/90298","targetHints":{"allow":["GET"]}}],"collection":[{"href":"https:\/\/migracao.redenoticia.com.br\/noticia\/wp-json\/wp\/v2\/posts"}],"about":[{"href":"https:\/\/migracao.redenoticia.com.br\/noticia\/wp-json\/wp\/v2\/types\/post"}],"author":[{"embeddable":true,"href":"https:\/\/migracao.redenoticia.com.br\/noticia\/wp-json\/wp\/v2\/users\/2"}],"replies":[{"embeddable":true,"href":"https:\/\/migracao.redenoticia.com.br\/noticia\/wp-json\/wp\/v2\/comments?post=90298"}],"version-history":[{"count":0,"href":"https:\/\/migracao.redenoticia.com.br\/noticia\/wp-json\/wp\/v2\/posts\/90298\/revisions"}],"wp:featuredmedia":[{"embeddable":true,"href":"https:\/\/migracao.redenoticia.com.br\/noticia\/wp-json\/wp\/v2\/media\/83098"}],"wp:attachment":[{"href":"https:\/\/migracao.redenoticia.com.br\/noticia\/wp-json\/wp\/v2\/media?parent=90298"}],"wp:term":[{"taxonomy":"category","embeddable":true,"href":"https:\/\/migracao.redenoticia.com.br\/noticia\/wp-json\/wp\/v2\/categories?post=90298"},{"taxonomy":"post_tag","embeddable":true,"href":"https:\/\/migracao.redenoticia.com.br\/noticia\/wp-json\/wp\/v2\/tags?post=90298"}],"curies":[{"name":"wp","href":"https:\/\/api.w.org\/{rel}","templated":true}]}}