{"id":9030,"date":"2009-08-18T22:28:53","date_gmt":"2009-08-19T02:28:53","guid":{"rendered":"http:\/\/www.redenoticia.com.br\/noticia\/?p=9030"},"modified":"2009-08-18T22:28:53","modified_gmt":"2009-08-19T02:28:53","slug":"desafios-aos-profissionais-contabeis","status":"publish","type":"post","link":"https:\/\/migracao.redenoticia.com.br\/noticia\/2009\/desafios-aos-profissionais-contabeis\/9030","title":{"rendered":"Desafios aos profissionais cont\u00e1beis"},"content":{"rendered":"<p>O profissional do ramo cont\u00e1bil sabe que a constante atualiza\u00e7\u00e3o de seus conhecimentos \u00e9 uma necessidade e uma exig\u00eancia imposta por esta \u00e1rea de atua\u00e7\u00e3o. O grande desafio que surge \u00e9 que, al\u00e9m de terem de cumprir \u00e0 risca essa tradicional exig\u00eancia, contabilistas, auditores, analistas ou peritos precisam encarar o processo de converg\u00eancia do padr\u00e3o brasileiro \u00e0s normas internacionais de contabilidade (IFRS &#8211; International Financial Reporting Standards), institu\u00eddo a partir da Lei 11.638\/2007.<\/p>\n<p>O padr\u00e3o internacional de contabilidade exige que os profissionais tenham uma compreens\u00e3o ampliada das \u00e1reas econ\u00f4mica e financeira desenvolvendo percep\u00e7\u00f5es que minimizem os efeitos subjetivos sobre as avalia\u00e7\u00f5es e movimenta\u00e7\u00f5es financeiras das corpora\u00e7\u00f5es. Entre as novidades trazidas pelas normas em IFRS, vale destacar mecanismos como o ajuste a valor presente nos realiz\u00e1veis e exig\u00edveis, o\u00a0<em>impairment <\/em>(ou redu\u00e7\u00e3o ao valor recuper\u00e1vel de ativos) e a\u00a0forma de contabiliza\u00e7\u00e3o dos instrumentos financeiros, em meio a outras altera\u00e7\u00f5es.<\/p>\n<p>Desta forma, as Ci\u00eancias Cont\u00e1beis passam a exigir dos profissionais uma gama de conhecimentos multidisciplinares e uma capacidade de abstra\u00e7\u00e3o em rela\u00e7\u00e3o a novos mecanismos que anteriormente n\u00e3o constavam dos programas de forma\u00e7\u00e3o da \u00e1rea. Tamb\u00e9m os professores e coordenadores de cursos da \u00e1rea est\u00e3o obrigados a se atualizar e a renovar com urg\u00eancia as grades curriculares dos cursos da \u00e1rea cont\u00e1bil de suas institui\u00e7\u00f5es de ensino.<\/p>\n<p>N\u00e3o \u00e9 demais lembrar que os desafios da sustentabilidade &#8211; seja ela relacionada \u00e0 gest\u00e3o empresarial, ou ao relacionamento com a sociedade e o meio ambiente &#8211; tamb\u00e9m figuram na nova pauta do mundo cont\u00e1bil.<\/p>\n<p>\u00c9 importante destacar que, independente de a Lei 11.638 alcan\u00e7ar neste primeiro momento apenas as empresas de capital aberto, institui\u00e7\u00f5es financeiras, companhias seguradoras e empresas de capital fechado com faturamento acima de R$ 300 milh\u00f5es ou com mais de R$ 240 milh\u00f5es de patrim\u00f4nio, a contabilidade no Brasil vem sendo constantemente alterada pelo CPC (Comit\u00ea de Pronunciamentos Cont\u00e1beis). S\u00e3o seus pronunciamentos que de fato atingem de forma direta todas as empresas, uma vez que as pr\u00e1ticas cont\u00e1beis adotadas no Pa\u00eds j\u00e1 n\u00e3o s\u00e3o mais as mesmas, e suas altera\u00e7\u00f5es podem ou n\u00e3o ter fortes impactos fiscais.<\/p>\n<p>Esse \u00e9 um ponto essencial e que se n\u00e3o for analisando neste momento n\u00e3o ser\u00e1 poss\u00edvel mudar no futuro. Podemos entender melhor essa urg\u00eancia se nos atentarmos ao RTT (Regime Tribut\u00e1rio de Transi\u00e7\u00e3o), que estabelece que, se feita a op\u00e7\u00e3o por este regime, a empresa n\u00e3o sofrer\u00e1 os impactos decorrentes das altera\u00e7\u00f5es cont\u00e1beis. Entretanto, essa op\u00e7\u00e3o dever\u00e1 ser efetuada na DIPJ (<span style=\"text-decoration: underline;\">Declara\u00e7\u00e3o de Informa\u00e7\u00f5es Econ\u00f4mico-Fiscais da Pessoa Jur\u00eddica<\/span>) e \u00e9 de car\u00e1ter irrevog\u00e1vel, ou seja, o profissional que n\u00e3o estiver atualizado n\u00e3o ser\u00e1 capaz de proporcionar aos seus clientes ou empresa condi\u00e7\u00f5es para a correta tomada de decis\u00e3o.<\/p>\n<p>Os profissionais da \u00e1rea cont\u00e1bil enfrentam, portanto, uma fase de transi\u00e7\u00e3o que est\u00e1 mexendo n\u00e3o s\u00f3 com o modo como s\u00e3o formados, mas tamb\u00e9m com seus processos de atualiza\u00e7\u00e3o e capacita\u00e7\u00e3o, al\u00e9m da exig\u00eancia de que assumam uma nova postura de atua\u00e7\u00e3o. Esses fatores exigir\u00e3o adequa\u00e7\u00e3o e refor\u00e7o dos processos que permitem a adequa\u00e7\u00e3o desses gestores, envolvendo esfor\u00e7os dedicados de institui\u00e7\u00f5es de ensino, inst\u00e2ncias governamentais, corpora\u00e7\u00f5es, entidades de representa\u00e7\u00e3o profissional\u00a0\u00a0e empresarial e dos pr\u00f3prios profissionais. N\u00e3o reconhecer ou deixar de se enquadrar nessas novas realidades equivaler\u00e1 a uma senten\u00e7a de morte profissional.<\/p>\n<p>Enfim, vivemos um dos melhores momentos da contabilidade no\u00a0Brasil e no mundo para os profissionais que\u00a0estiverem atualizados. Por outro lado, aqueles que acreditam ainda n\u00e3o precisarem de atualiza\u00e7\u00e3o, pois a nova lei n\u00e3o os\u00a0afeta neste momento imediato,\u00a0\u00a0infelizmente estar\u00e3o fora do mercado antes mesmo de perceberem o que acontece e possam tomar atitudes. O momento \u00e9 este: ou o profissional\u00a0se atualiza,\u00a0ou vai virar um ex-contador.<\/p>\n<p><em>*Marcelo Gon\u00e7alves<\/em><em> <\/em><em>\u00e9 s\u00f3cio-diretor respons\u00e1vel pelo escrit\u00f3rio de S\u00e3o Jos\u00e9 dos Campos daBDO Trevisan<\/em><\/p>\n","protected":false},"excerpt":{"rendered":"<p>O profissional do ramo cont\u00e1bil sabe que a constante atualiza\u00e7\u00e3o de seus conhecimentos \u00e9 uma necessidade e uma exig\u00eancia imposta por esta \u00e1rea de atua\u00e7\u00e3o. O grande desafio que surge \u00e9 que, al\u00e9m de terem de cumprir \u00e0 risca essa tradicional exig\u00eancia, contabilistas, auditores, analistas ou peritos precisam encarar o processo de converg\u00eancia do padr\u00e3o [&hellip;]<\/p>\n","protected":false},"author":2,"featured_media":0,"comment_status":"open","ping_status":"open","sticky":false,"template":"","format":"standard","meta":{"tdm_status":"","tdm_grid_status":"","footnotes":""},"categories":[7],"tags":[],"class_list":{"0":"post-9030","1":"post","2":"type-post","3":"status-publish","4":"format-standard","6":"category-economia"},"_links":{"self":[{"href":"https:\/\/migracao.redenoticia.com.br\/noticia\/wp-json\/wp\/v2\/posts\/9030","targetHints":{"allow":["GET"]}}],"collection":[{"href":"https:\/\/migracao.redenoticia.com.br\/noticia\/wp-json\/wp\/v2\/posts"}],"about":[{"href":"https:\/\/migracao.redenoticia.com.br\/noticia\/wp-json\/wp\/v2\/types\/post"}],"author":[{"embeddable":true,"href":"https:\/\/migracao.redenoticia.com.br\/noticia\/wp-json\/wp\/v2\/users\/2"}],"replies":[{"embeddable":true,"href":"https:\/\/migracao.redenoticia.com.br\/noticia\/wp-json\/wp\/v2\/comments?post=9030"}],"version-history":[{"count":0,"href":"https:\/\/migracao.redenoticia.com.br\/noticia\/wp-json\/wp\/v2\/posts\/9030\/revisions"}],"wp:attachment":[{"href":"https:\/\/migracao.redenoticia.com.br\/noticia\/wp-json\/wp\/v2\/media?parent=9030"}],"wp:term":[{"taxonomy":"category","embeddable":true,"href":"https:\/\/migracao.redenoticia.com.br\/noticia\/wp-json\/wp\/v2\/categories?post=9030"},{"taxonomy":"post_tag","embeddable":true,"href":"https:\/\/migracao.redenoticia.com.br\/noticia\/wp-json\/wp\/v2\/tags?post=9030"}],"curies":[{"name":"wp","href":"https:\/\/api.w.org\/{rel}","templated":true}]}}