{"id":9032,"date":"2009-08-18T22:31:13","date_gmt":"2009-08-19T02:31:13","guid":{"rendered":"http:\/\/www.redenoticia.com.br\/noticia\/?p=9032"},"modified":"2009-08-18T22:31:13","modified_gmt":"2009-08-19T02:31:13","slug":"rede-record-fez-confusao-na-cabeca-dos-peoes-da-fazenda","status":"publish","type":"post","link":"https:\/\/migracao.redenoticia.com.br\/noticia\/2009\/rede-record-fez-confusao-na-cabeca-dos-peoes-da-fazenda\/9032","title":{"rendered":"Rede Record fez confus\u00e3o na cabe\u00e7a dos pe\u00f5es da Fazenda"},"content":{"rendered":"<p>A Rede Record exibiu nesta ter\u00e7a-feira uma prova que deixou os pe\u00f5es da Fazenda bastante confusos, quando tiveram que eleger ao vivo os participantes eliminados que melhor se enquadraram nas categorias \u201cmelhor fazendeiro\u201d, \u201cmais animado\u201d, \u201cmais pregui\u00e7oso\u201d, \u201cmais problem\u00e1tico\u201d e \u201cmelhor jogador da Fazenda\u201d. A Rede Record n\u00e3o poupou os pe\u00f5es que tiveram que responder para todo o Brasil.<\/p>\n<p>O resultado da elei\u00e7\u00e3o da fazenda foram Fabi (melhor fazendeira), B\u00e1rbara (mais pregui\u00e7osa), Theo (mais problem\u00e1tico), Dado (melhor jogador da fazenda), e houve empate entre Mirella, Jonathan e Miro no quesito \u201cmais animado\u201d. A Rede Record n\u00e3o divulgou se haver\u00e1 alguma conseq\u00fc\u00eancia com esta elei\u00e7\u00e3o, o que deixou os pe\u00f5es mais confusos ainda.<\/p>\n<p>A \u00fanica certeza que a Rede Record refor\u00e7ou \u00e9 que esta quarta-feira ser\u00e1 o 80\u00ba dia de isolamento e mais um pe\u00e3o deixa a Fazenda, por escolha do p\u00fablico. Depois da elei\u00e7\u00e3o os p\u00f5es da Fazenda puderam assistir ao primeiro epis\u00f3dio do novo reality da Rede Record, \u00cddolos, conforme havia sido divulgado.<\/p>\n<p>Chegando \u00e0 reta final do reality A fazenda, est\u00e1 claro que agora \u00e9 cada um por si. O isolamento \u00e9 inevit\u00e1vel e cada um reage \u00e0 sua maneira. Carlinhos prefere tocar Viol\u00e3o e falar confid\u00eancias com os bichos. \u00a0Danni fica relembrando os momentos inesquec\u00edveis vividos com os outros pe\u00f5es. Dado curte cada vez mais o Max, cachorro que a Rede Record incluiu como companheiro dos pe\u00f5es.<\/p>\n<p>Fonte Rede Record \u2013 A Fazenda<\/p>\n","protected":false},"excerpt":{"rendered":"<p>A Rede Record exibiu nesta ter\u00e7a-feira uma prova que deixou os pe\u00f5es da Fazenda bastante confusos, quando tiveram que eleger ao vivo os participantes eliminados que melhor se enquadraram nas categorias \u201cmelhor fazendeiro\u201d, \u201cmais animado\u201d, \u201cmais pregui\u00e7oso\u201d, \u201cmais problem\u00e1tico\u201d e \u201cmelhor jogador da Fazenda\u201d. A Rede Record n\u00e3o poupou os pe\u00f5es que tiveram que responder [&hellip;]<\/p>\n","protected":false},"author":3,"featured_media":0,"comment_status":"open","ping_status":"open","sticky":false,"template":"","format":"standard","meta":{"tdm_status":"","tdm_grid_status":"","footnotes":""},"categories":[22,343],"tags":[],"class_list":{"0":"post-9032","1":"post","2":"type-post","3":"status-publish","4":"format-standard","6":"category-brasil","7":"category-televisao"},"_links":{"self":[{"href":"https:\/\/migracao.redenoticia.com.br\/noticia\/wp-json\/wp\/v2\/posts\/9032","targetHints":{"allow":["GET"]}}],"collection":[{"href":"https:\/\/migracao.redenoticia.com.br\/noticia\/wp-json\/wp\/v2\/posts"}],"about":[{"href":"https:\/\/migracao.redenoticia.com.br\/noticia\/wp-json\/wp\/v2\/types\/post"}],"author":[{"embeddable":true,"href":"https:\/\/migracao.redenoticia.com.br\/noticia\/wp-json\/wp\/v2\/users\/3"}],"replies":[{"embeddable":true,"href":"https:\/\/migracao.redenoticia.com.br\/noticia\/wp-json\/wp\/v2\/comments?post=9032"}],"version-history":[{"count":0,"href":"https:\/\/migracao.redenoticia.com.br\/noticia\/wp-json\/wp\/v2\/posts\/9032\/revisions"}],"wp:attachment":[{"href":"https:\/\/migracao.redenoticia.com.br\/noticia\/wp-json\/wp\/v2\/media?parent=9032"}],"wp:term":[{"taxonomy":"category","embeddable":true,"href":"https:\/\/migracao.redenoticia.com.br\/noticia\/wp-json\/wp\/v2\/categories?post=9032"},{"taxonomy":"post_tag","embeddable":true,"href":"https:\/\/migracao.redenoticia.com.br\/noticia\/wp-json\/wp\/v2\/tags?post=9032"}],"curies":[{"name":"wp","href":"https:\/\/api.w.org\/{rel}","templated":true}]}}