{"id":90331,"date":"2016-07-14T10:23:17","date_gmt":"2016-07-14T13:23:17","guid":{"rendered":"http:\/\/www.redenoticia.com.br\/noticia\/?p=90331"},"modified":"2016-07-13T22:24:25","modified_gmt":"2016-07-14T01:24:25","slug":"sirio-libanes-oferece-mestrado-profissional-em-saude-coletiva","status":"publish","type":"post","link":"https:\/\/migracao.redenoticia.com.br\/noticia\/2016\/sirio-libanes-oferece-mestrado-profissional-em-saude-coletiva\/90331","title":{"rendered":"S\u00edrio-Liban\u00eas oferece mestrado profissional em Sa\u00fade Coletiva"},"content":{"rendered":"<p> Ag\u00eancia FAPESP \u2013 O <strong><em>Mestrado Profissional em Gest\u00e3o de Tecnologia e Inova\u00e7\u00e3o em Sa\u00fade<\/em><\/strong> (MGTIS) do Instituto S\u00edrio-Liban\u00eas de Ensino e Pesquisa (IEP\/HSL) est\u00e1 com as inscri\u00e7\u00f5es abertas at\u00e9 15 de julho. Os candidatos dever\u00e3o ter vincula\u00e7\u00e3o com o Sistema \u00danico de Sa\u00fade (SUS). Com 24 vagas e n\u00e3o oneroso ao mestrando, o curso \u00e9 resultado de parceria entre o IEP\/HSL e o Minist\u00e9rio da Sa\u00fade, dentro do Programa de Apoio ao Desenvolvimento Institucional do Sistema \u00danico de Sa\u00fade.<\/p>\n<p>Aprovado pela Coordena\u00e7\u00e3o de Aperfei\u00e7oamento de Pessoal de N\u00edvel Superior (Capes), o mestrado, com dura\u00e7\u00e3o de dois anos, \u00e9 voltado para profissionais interessados em inovar, transformar e melhorar a qualidade do cuidado em sa\u00fade.<\/p>\n<p>Entre os objetivos espec\u00edficos do mestrado est\u00e1 a forma\u00e7\u00e3o de parcerias com institui\u00e7\u00f5es p\u00fablicas e privadas, visando \u00e0 melhoria de produtos ou processos t\u00e9cnico-cient\u00edficos na \u00e1rea da sa\u00fade, por meio da capacita\u00e7\u00e3o de profissionais e da gera\u00e7\u00e3o e aplica\u00e7\u00e3o de conhecimentos para o enfrentamento de problemas.<\/p>\n<p>Inscri\u00e7\u00f5es e mais informa\u00e7\u00f5es: <\/p>\n","protected":false},"excerpt":{"rendered":"<p>Ag\u00eancia FAPESP \u2013 O Mestrado Profissional em Gest\u00e3o de Tecnologia e Inova\u00e7\u00e3o em Sa\u00fade (MGTIS) do Instituto S\u00edrio-Liban\u00eas de Ensino e Pesquisa (IEP\/HSL) est\u00e1 com as inscri\u00e7\u00f5es abertas at\u00e9 15 de julho. Os candidatos dever\u00e3o ter vincula\u00e7\u00e3o com o Sistema \u00danico de Sa\u00fade (SUS). Com 24 vagas e n\u00e3o oneroso ao mestrando, o curso \u00e9 [&hellip;]<\/p>\n","protected":false},"author":2,"featured_media":57576,"comment_status":"open","ping_status":"closed","sticky":false,"template":"","format":"standard","meta":{"tdm_status":"","tdm_grid_status":"","footnotes":""},"categories":[22,370,353],"tags":[],"class_list":{"0":"post-90331","1":"post","2":"type-post","3":"status-publish","4":"format-standard","5":"has-post-thumbnail","7":"category-brasil","8":"category-inscricao","9":"category-oportunidades"},"_links":{"self":[{"href":"https:\/\/migracao.redenoticia.com.br\/noticia\/wp-json\/wp\/v2\/posts\/90331","targetHints":{"allow":["GET"]}}],"collection":[{"href":"https:\/\/migracao.redenoticia.com.br\/noticia\/wp-json\/wp\/v2\/posts"}],"about":[{"href":"https:\/\/migracao.redenoticia.com.br\/noticia\/wp-json\/wp\/v2\/types\/post"}],"author":[{"embeddable":true,"href":"https:\/\/migracao.redenoticia.com.br\/noticia\/wp-json\/wp\/v2\/users\/2"}],"replies":[{"embeddable":true,"href":"https:\/\/migracao.redenoticia.com.br\/noticia\/wp-json\/wp\/v2\/comments?post=90331"}],"version-history":[{"count":0,"href":"https:\/\/migracao.redenoticia.com.br\/noticia\/wp-json\/wp\/v2\/posts\/90331\/revisions"}],"wp:featuredmedia":[{"embeddable":true,"href":"https:\/\/migracao.redenoticia.com.br\/noticia\/wp-json\/wp\/v2\/media\/57576"}],"wp:attachment":[{"href":"https:\/\/migracao.redenoticia.com.br\/noticia\/wp-json\/wp\/v2\/media?parent=90331"}],"wp:term":[{"taxonomy":"category","embeddable":true,"href":"https:\/\/migracao.redenoticia.com.br\/noticia\/wp-json\/wp\/v2\/categories?post=90331"},{"taxonomy":"post_tag","embeddable":true,"href":"https:\/\/migracao.redenoticia.com.br\/noticia\/wp-json\/wp\/v2\/tags?post=90331"}],"curies":[{"name":"wp","href":"https:\/\/api.w.org\/{rel}","templated":true}]}}