{"id":90355,"date":"2016-07-14T14:05:11","date_gmt":"2016-07-14T17:05:11","guid":{"rendered":"http:\/\/www.redenoticia.com.br\/noticia\/?p=90355"},"modified":"2016-07-14T14:05:11","modified_gmt":"2016-07-14T17:05:11","slug":"novela-abismo-da-paixao-resumo-1507-carmem-diz-a-augusto-que-elisa-e-sua-filha","status":"publish","type":"post","link":"https:\/\/migracao.redenoticia.com.br\/noticia\/2016\/novela-abismo-da-paixao-resumo-1507-carmem-diz-a-augusto-que-elisa-e-sua-filha\/90355","title":{"rendered":"Novela \u201cAbismo da Paix\u00e3o\u201d resumo 15\/07: Carmem diz a Augusto que Elisa \u00e9 sua filha"},"content":{"rendered":"<p> <img loading=\"lazy\" decoding=\"async\" class=\"alignleft size-thumbnail wp-image-81978\" src=\"https:\/\/migracao.redenoticia.com.br\/noticia\/imagens\/abismo_de_paixao_sbt_resumo_novela-150x112.jpg\" alt=\"abismo_de_paixao_sbt_resumo_novela\" width=\"150\" height=\"112\" srcset=\"https:\/\/migracao.redenoticia.com.br\/noticia\/imagens\/abismo_de_paixao_sbt_resumo_novela-150x112.jpg 150w, https:\/\/migracao.redenoticia.com.br\/noticia\/imagens\/abismo_de_paixao_sbt_resumo_novela-265x198.jpg 265w\" sizes=\"auto, (max-width: 150px) 100vw, 150px\" \/><strong><em>Novela \u201cAbismo da Paix\u00e3o\u201d resumo 15\/07<\/em><\/strong>: Edmundo recebe os resultados do exame de Augusto e Elisa. Lucio os abre e grita, satisfeito, que Elisa \u00e9 filha de Augusto. Edmundo diz a Lucio que ele n\u00e3o deveria ter aberto o exame, pois s\u00f3 dizia respeito a Augusto e Elisa. Lucio responde que s\u00e3o muitos anos carregando essa mentira, e queria de uma vez por todas tirar esse peso de Augusto e Elisa. Mais tarde, o Padre Lupe diz a Carmem que Augusto vai saber da verdade. Augusto chega e exige que o Padre diga a verdade a qual se refere. Carmem responde que Elisa \u00e9 sua filha, e que mentiu por odiar Estef\u00e2nia. Neste momento, Lucio chega e mostra a Augusto o resultado do exame de paternidade. Muito feliz, ele diz que, como sempre soube, Elisa \u00e9 filha de Augusto.<\/p>\n<p>No cap\u00edtulo 080 (*), novela \u201cAbismo da Paix\u00e3o\u201d, sexta-feira, 15 de julho \u2013 Edmundo diz a Lucio que ele n\u00e3o deveria ter aberto o exame, pois s\u00f3 dizia respeito a Augusto e Elisa. Lucio responde que s\u00e3o muitos anos carregando essa mentira, e queria de uma vez por todas tirar esse peso de Augusto e Elisa. Paloma fica com ci\u00fame ao ver Gael abra\u00e7ando Elisa. Guido \u00e9 levado a penitenciaria. Flor\u00eancia garante que far\u00e1 o poss\u00edvel para lhe tirar da cadeia. Paulo c\u00ednico, diz que est\u00e1 a seu lado. Bet\u00e2nia diz a Carmem que est\u00e1 preocupada porque Sabrina est\u00e1 saindo com Paulo. <\/p>\n<p>Sabrina sofre um desmaio e sugerem a ela que fa\u00e7a um exame de gravidez. Paulo diz a Flor\u00eancia que se ela conseguisse reatar com Dami\u00e3o, Almerinda seguramente perdoaria seu pai. Dami\u00e3o diz a Elisa que do jeito que andam as coisas \u00e9 melhor que ela ainda n\u00e3o trabalhe com ele. Sabrina diz a Paulo que est\u00e1 gr\u00e1vida. Ele diz que n\u00e3o entende como sendo ela filha de um m\u00e9dico, n\u00e3o tenha tomado as devidas precau\u00e7\u00f5es. Sabrina suplica que ele n\u00e3o a deixe por isso, que n\u00e3o quer perd\u00ea-lo, e eles precisam se casar. Paulo a responde que \u00e9 um cavalheiro e honrar\u00e1 essa responsabilidade. <\/p>\n<p>Paulo tem inten\u00e7\u00f5es de ir embora do povoado por causa da gravidez de Sabrina. Flor\u00eancia lhe diz que Almerinda a exigiu um neto, mas ela n\u00e3o pode dar, pois \u00e9 est\u00e9ril. O Padre Lupe diz a Carmem que neste mesmo momento Augusto vai saber da verdade. Augusto chega e exige que o Padre diga a verdade a qual se refere. Carmem responde que Elisa \u00e9 sua filha, e que mentiu por odiar Estef\u00e2nia. Lucio chega e mostra a Augusto o resultado do exame de paternidade. Muito feliz, ele diz que como sempre soube, Elisa \u00e9 filha de Augusto.<\/p>\n<p>(*) edi\u00e7\u00e3o do SBT, Novela \u201cAbismo da Paix\u00e3o\u201d, sujeito a altera\u00e7\u00e3o de data e conte\u00fado.<\/p>\n","protected":false},"excerpt":{"rendered":"<p>Novela \u201cAbismo da Paix\u00e3o\u201d resumo 15\/07: Edmundo recebe os resultados do exame de Augusto e Elisa. Lucio os abre e grita, satisfeito, que Elisa \u00e9 filha de Augusto. Edmundo diz a Lucio que ele n\u00e3o deveria ter aberto o exame, pois s\u00f3 dizia respeito a Augusto e Elisa. Lucio responde que s\u00e3o muitos anos carregando [&hellip;]<\/p>\n","protected":false},"author":2,"featured_media":81978,"comment_status":"open","ping_status":"closed","sticky":false,"template":"","format":"standard","meta":{"tdm_status":"","tdm_grid_status":"","footnotes":""},"categories":[379,372,343],"tags":[441],"class_list":{"0":"post-90355","1":"post","2":"type-post","3":"status-publish","4":"format-standard","5":"has-post-thumbnail","7":"category-novelas","8":"category-sbt","9":"category-televisao","10":"tag-resumo-do-dia"},"_links":{"self":[{"href":"https:\/\/migracao.redenoticia.com.br\/noticia\/wp-json\/wp\/v2\/posts\/90355","targetHints":{"allow":["GET"]}}],"collection":[{"href":"https:\/\/migracao.redenoticia.com.br\/noticia\/wp-json\/wp\/v2\/posts"}],"about":[{"href":"https:\/\/migracao.redenoticia.com.br\/noticia\/wp-json\/wp\/v2\/types\/post"}],"author":[{"embeddable":true,"href":"https:\/\/migracao.redenoticia.com.br\/noticia\/wp-json\/wp\/v2\/users\/2"}],"replies":[{"embeddable":true,"href":"https:\/\/migracao.redenoticia.com.br\/noticia\/wp-json\/wp\/v2\/comments?post=90355"}],"version-history":[{"count":0,"href":"https:\/\/migracao.redenoticia.com.br\/noticia\/wp-json\/wp\/v2\/posts\/90355\/revisions"}],"wp:featuredmedia":[{"embeddable":true,"href":"https:\/\/migracao.redenoticia.com.br\/noticia\/wp-json\/wp\/v2\/media\/81978"}],"wp:attachment":[{"href":"https:\/\/migracao.redenoticia.com.br\/noticia\/wp-json\/wp\/v2\/media?parent=90355"}],"wp:term":[{"taxonomy":"category","embeddable":true,"href":"https:\/\/migracao.redenoticia.com.br\/noticia\/wp-json\/wp\/v2\/categories?post=90355"},{"taxonomy":"post_tag","embeddable":true,"href":"https:\/\/migracao.redenoticia.com.br\/noticia\/wp-json\/wp\/v2\/tags?post=90355"}],"curies":[{"name":"wp","href":"https:\/\/api.w.org\/{rel}","templated":true}]}}