{"id":90386,"date":"2016-07-14T19:59:15","date_gmt":"2016-07-14T22:59:15","guid":{"rendered":"http:\/\/www.redenoticia.com.br\/noticia\/?p=90386"},"modified":"2016-07-14T15:11:05","modified_gmt":"2016-07-14T18:11:05","slug":"novela-sila-resumo-1507-ayse-descobre-pista-sobre-tiro-contra-dilaver","status":"publish","type":"post","link":"https:\/\/migracao.redenoticia.com.br\/noticia\/2016\/novela-sila-resumo-1507-ayse-descobre-pista-sobre-tiro-contra-dilaver\/90386","title":{"rendered":"Novela \u201cSila\u201d resumo 15\/07: Ayse descobre pista sobre tiro contra Dilaver"},"content":{"rendered":"<p> <img loading=\"lazy\" decoding=\"async\" class=\"alignleft size-thumbnail wp-image-83098\" src=\"https:\/\/migracao.redenoticia.com.br\/noticia\/imagens\/sila_band_novela_resumo_capitulo-150x112.jpg\" alt=\"sila_band_novela_resumo_capitulo\" width=\"150\" height=\"112\" srcset=\"https:\/\/migracao.redenoticia.com.br\/noticia\/imagens\/sila_band_novela_resumo_capitulo-150x112.jpg 150w, https:\/\/migracao.redenoticia.com.br\/noticia\/imagens\/sila_band_novela_resumo_capitulo-265x198.jpg 265w\" sizes=\"auto, (max-width: 150px) 100vw, 150px\" \/><strong><em> Novela \u201cSila\u201d resumo 15\/07<\/em><\/strong>: Boran recebe a visita de um jovem que confessa que pretendia mat\u00e1-lo a mando de Dilaver. Boran fica furioso com Dilaver e o enfrenta. Logo depois, Dilaver leva um tiro e acusa Boran pelo atentado. O chefe da tribo insinua para o pai de Boran que seu filho atirou em Dilaver. Logo depois, Ayse fala com grande amor e descobre uma pista sobre quem realmente fez o disparo contra Dilaver. <\/p>\n<p>No capitulo 094(*), novela \u201cSila\u201d, sexta-feira, 15 de julho &#8211; muitas pessoas chegam para ajudar na constru\u00e7\u00e3o da nova escola. Sila e Boran ficam felizes. Boran e Firus s\u00e3o expulsos do conselho. Boran e o tio discordam sobre o cumprimento das tradi\u00e7\u00f5es do cl\u00e3. Mais uma jovem \u00e9 morta por n\u00e3o obedecer as regras e Boran se sente culpado por isso. Zinar obriga Umu, vi\u00fava de Dihan, a se casar com Dilaver, pois assim manda a tradi\u00e7\u00e3o. Zinar aceita o filho de Esma como neto e permite que ele tenha o sobrenome da fam\u00edlia.<\/p>\n<p>Celil diz a Narin e Bedar que Dilaver continua com as amea\u00e7as. Bedar fica furiosa sobre outra coisa. Enquanto isso, Ayse fala com grande amor e descobre algo importante para dizer a Sila. Ayse descobre quem atirou em Dilaver e conta a Sila.<\/p>\n<p> Umu pede que Dilaver tente convencer o pai a desistir do casamento entre os dois. Boran descobre o paradeiro do homem que atirou em Dilaver e o leva para seu tio Zinar. Ele diz que fez o trabalho que o tio tinha que ter feito h\u00e1 muito tempo. Esma vai at\u00e9 a casa de Umu e diz que o beb\u00ea ter\u00e1 o sobrenome de Dihan. Umu vai pedir ajuda a Sila para fugir do casamento com o cunhado. Zinar declara guerra ao irm\u00e3o por ter acolhido Umu.<\/p>\n<p>(*) edi\u00e7\u00e3o da Band, Novela \u201cSila\u201d, sujeito a altera\u00e7\u00e3o de data e conte\u00fado.<\/p>\n<p>&#8212; <\/p>\n<p>.<\/p>\n","protected":false},"excerpt":{"rendered":"<p>Novela \u201cSila\u201d resumo 15\/07: Boran recebe a visita de um jovem que confessa que pretendia mat\u00e1-lo a mando de Dilaver. Boran fica furioso com Dilaver e o enfrenta. Logo depois, Dilaver leva um tiro e acusa Boran pelo atentado. O chefe da tribo insinua para o pai de Boran que seu filho atirou em Dilaver. [&hellip;]<\/p>\n","protected":false},"author":2,"featured_media":83098,"comment_status":"open","ping_status":"closed","sticky":false,"template":"","format":"standard","meta":{"tdm_status":"","tdm_grid_status":"","footnotes":""},"categories":[390,379,343],"tags":[441],"class_list":{"0":"post-90386","1":"post","2":"type-post","3":"status-publish","4":"format-standard","5":"has-post-thumbnail","7":"category-band","8":"category-novelas","9":"category-televisao","10":"tag-resumo-do-dia"},"_links":{"self":[{"href":"https:\/\/migracao.redenoticia.com.br\/noticia\/wp-json\/wp\/v2\/posts\/90386","targetHints":{"allow":["GET"]}}],"collection":[{"href":"https:\/\/migracao.redenoticia.com.br\/noticia\/wp-json\/wp\/v2\/posts"}],"about":[{"href":"https:\/\/migracao.redenoticia.com.br\/noticia\/wp-json\/wp\/v2\/types\/post"}],"author":[{"embeddable":true,"href":"https:\/\/migracao.redenoticia.com.br\/noticia\/wp-json\/wp\/v2\/users\/2"}],"replies":[{"embeddable":true,"href":"https:\/\/migracao.redenoticia.com.br\/noticia\/wp-json\/wp\/v2\/comments?post=90386"}],"version-history":[{"count":0,"href":"https:\/\/migracao.redenoticia.com.br\/noticia\/wp-json\/wp\/v2\/posts\/90386\/revisions"}],"wp:featuredmedia":[{"embeddable":true,"href":"https:\/\/migracao.redenoticia.com.br\/noticia\/wp-json\/wp\/v2\/media\/83098"}],"wp:attachment":[{"href":"https:\/\/migracao.redenoticia.com.br\/noticia\/wp-json\/wp\/v2\/media?parent=90386"}],"wp:term":[{"taxonomy":"category","embeddable":true,"href":"https:\/\/migracao.redenoticia.com.br\/noticia\/wp-json\/wp\/v2\/categories?post=90386"},{"taxonomy":"post_tag","embeddable":true,"href":"https:\/\/migracao.redenoticia.com.br\/noticia\/wp-json\/wp\/v2\/tags?post=90386"}],"curies":[{"name":"wp","href":"https:\/\/api.w.org\/{rel}","templated":true}]}}