{"id":90390,"date":"2016-07-16T20:17:04","date_gmt":"2016-07-16T23:17:04","guid":{"rendered":"http:\/\/www.redenoticia.com.br\/noticia\/?p=90390"},"modified":"2016-07-18T21:23:41","modified_gmt":"2016-07-19T00:23:41","slug":"novela-sila-resumo-1807-zinar-sequestra-narin","status":"publish","type":"post","link":"https:\/\/migracao.redenoticia.com.br\/noticia\/2016\/novela-sila-resumo-1807-zinar-sequestra-narin\/90390","title":{"rendered":"Novela \u201cSila\u201d resumo 18\/07: Zinar sequestra Narin"},"content":{"rendered":"<p> <img loading=\"lazy\" decoding=\"async\" class=\"alignleft size-thumbnail wp-image-83098\" src=\"https:\/\/migracao.redenoticia.com.br\/noticia\/imagens\/sila_band_novela_resumo_capitulo-150x112.jpg\" alt=\"sila_band_novela_resumo_capitulo\" width=\"150\" height=\"112\" srcset=\"https:\/\/migracao.redenoticia.com.br\/noticia\/imagens\/sila_band_novela_resumo_capitulo-150x112.jpg 150w, https:\/\/migracao.redenoticia.com.br\/noticia\/imagens\/sila_band_novela_resumo_capitulo-265x198.jpg 265w\" sizes=\"auto, (max-width: 150px) 100vw, 150px\" \/><strong><em> Novela \u201cSila\u201d resumo 16\/07<\/em><\/strong>: Zinar decide que Umu, vi\u00fava de Dihan, deve se casar com Dilaver, para cumprir a tradi\u00e7\u00e3o. Umu se desespera e pede abrigo e apoio para a fam\u00edlia de Boran. Zinar fica furioso e vai \u00e0 casa de Firuz para buscar Umu. Ele \u00e9 impedido de lev\u00e1-la e decide se vingar de Boran. Kevser expulsa Umu de casa, mas Boran n\u00e3o deixa. Firuz sequestra Narin e chama Boran para contar. Zinar adverte que Narin s\u00f3 voltar\u00e1 se Boran entregar Umu.<\/p>\n<p>No capitulo 096(*), novela \u201cSila\u201d, segunda-feira, 18 de julho &#8211; Zinar vai \u00e0 casa de Firuz para buscar Umu e \u00e9 impedido de lev\u00e1-la. Zinar se enfurece e decide se vingar de Boran. Boran e Sila discutem sobre o destino de Umu. Kevser expulsa Umu de casa, mas Boran n\u00e3o deixa. <\/p>\n<p>Zinar planeja sequestrar algu\u00e9m da fam\u00edlia de Boran. Ele sequestra Narin e chama Boran para contar. Zinar adverte que Narin s\u00f3 voltar\u00e1 se Boran entregar o que eles querem.<\/p>\n<p> Zinar sequestra Narin e pede Umu em troca. Boran se recusa a obedecer ao tio e vai buscar Narin. Zinar condena o chefe Ahmet por ter atirado em Dilaver. Umu se conforma e aceita o casamento com Dilaver.<\/p>\n<p>(*) edi\u00e7\u00e3o da Band, Novela \u201cSila\u201d, sujeito a altera\u00e7\u00e3o de data e conte\u00fado.<\/p>\n","protected":false},"excerpt":{"rendered":"<p>Novela \u201cSila\u201d resumo 16\/07: Zinar decide que Umu, vi\u00fava de Dihan, deve se casar com Dilaver, para cumprir a tradi\u00e7\u00e3o. Umu se desespera e pede abrigo e apoio para a fam\u00edlia de Boran. Zinar fica furioso e vai \u00e0 casa de Firuz para buscar Umu. Ele \u00e9 impedido de lev\u00e1-la e decide se vingar de [&hellip;]<\/p>\n","protected":false},"author":2,"featured_media":83098,"comment_status":"open","ping_status":"closed","sticky":false,"template":"","format":"standard","meta":{"tdm_status":"","tdm_grid_status":"","footnotes":""},"categories":[390,379,343],"tags":[441],"class_list":{"0":"post-90390","1":"post","2":"type-post","3":"status-publish","4":"format-standard","5":"has-post-thumbnail","7":"category-band","8":"category-novelas","9":"category-televisao","10":"tag-resumo-do-dia"},"_links":{"self":[{"href":"https:\/\/migracao.redenoticia.com.br\/noticia\/wp-json\/wp\/v2\/posts\/90390","targetHints":{"allow":["GET"]}}],"collection":[{"href":"https:\/\/migracao.redenoticia.com.br\/noticia\/wp-json\/wp\/v2\/posts"}],"about":[{"href":"https:\/\/migracao.redenoticia.com.br\/noticia\/wp-json\/wp\/v2\/types\/post"}],"author":[{"embeddable":true,"href":"https:\/\/migracao.redenoticia.com.br\/noticia\/wp-json\/wp\/v2\/users\/2"}],"replies":[{"embeddable":true,"href":"https:\/\/migracao.redenoticia.com.br\/noticia\/wp-json\/wp\/v2\/comments?post=90390"}],"version-history":[{"count":0,"href":"https:\/\/migracao.redenoticia.com.br\/noticia\/wp-json\/wp\/v2\/posts\/90390\/revisions"}],"wp:featuredmedia":[{"embeddable":true,"href":"https:\/\/migracao.redenoticia.com.br\/noticia\/wp-json\/wp\/v2\/media\/83098"}],"wp:attachment":[{"href":"https:\/\/migracao.redenoticia.com.br\/noticia\/wp-json\/wp\/v2\/media?parent=90390"}],"wp:term":[{"taxonomy":"category","embeddable":true,"href":"https:\/\/migracao.redenoticia.com.br\/noticia\/wp-json\/wp\/v2\/categories?post=90390"},{"taxonomy":"post_tag","embeddable":true,"href":"https:\/\/migracao.redenoticia.com.br\/noticia\/wp-json\/wp\/v2\/tags?post=90390"}],"curies":[{"name":"wp","href":"https:\/\/api.w.org\/{rel}","templated":true}]}}