{"id":90399,"date":"2016-07-14T16:01:04","date_gmt":"2016-07-14T19:01:04","guid":{"rendered":"http:\/\/www.redenoticia.com.br\/noticia\/?p=90399"},"modified":"2016-07-14T16:01:04","modified_gmt":"2016-07-14T19:01:04","slug":"novela-chamas-da-vida-resumo-1507-antonio-pede-uma-arma-a-marreta","status":"publish","type":"post","link":"https:\/\/migracao.redenoticia.com.br\/noticia\/2016\/novela-chamas-da-vida-resumo-1507-antonio-pede-uma-arma-a-marreta\/90399","title":{"rendered":"Novela \u201cChamas da Vida\u201d resumo 15\/07: Ant\u00f4nio pede uma arma a Marreta"},"content":{"rendered":"<p> <img loading=\"lazy\" decoding=\"async\" class=\"alignleft size-thumbnail wp-image-82020\" src=\"https:\/\/migracao.redenoticia.com.br\/noticia\/imagens\/chamas_da_vida_resumo_novela-150x112.jpeg\" alt=\"chamas_da_vida_resumo_novela\" width=\"150\" height=\"112\" \/><strong><em>Novela \u201cChamas da Vida\u201d resumo 15\/07<\/em><\/strong>: Vilma diz a Guga e a Dion\u00edsio que Pedro chegou b\u00eabado \u00e0 audi\u00eancia e o juiz deu a guarda para Mercedes. Guga diz que Pedro nunca tomaria nada no dia da audi\u00eancia. Mercedes diz que Vivi e Rafa ter\u00e3o uma vida decente. Ant\u00f4nio pede uma arma emprestada a Marreta, que diz que \u00e9 uma asneira matar Vilma. Ant\u00f4nio diz que vai matar Vilma com ou sem ajuda de Marreta.<\/p>\n<p>No capitulo 183(*), novela \u201cChamas da Vida\u201d, sexta-feira, 15 de julho &#8211; o juiz decide que Vivi e Rafa devem ficar sob a guarda de Mercedes. Pedro fica chocado e diz que o juiz est\u00e1 a ser injusto com ele. O juiz manda Pedro entregar as crian\u00e7as em vinte e quatro horas. Flavia diz que Pedro n\u00e3o podia aparecer naquele estado. Mercedes comemora a decis\u00e3o do juiz. Vilma diz a Mercedes que sabia que ela iria ganhar. O advogado diz que elas ainda t\u00eam mais uma audi\u00eancia, daqui a vinte dias. Pedro diz a Vilma que a vai matar. Pedro conta a Vivi que foi sequestrado e dopado. <\/p>\n<p>Vivi diz a Flavia que n\u00e3o quer ir para a casa de Vilma. Rafa diz que n\u00e3o quer ir-se embora. Ant\u00f4nio diz a Beatriz que Vilma n\u00e3o vai p\u00f4r as m\u00e3os nos irm\u00e3os dele. Lincon diz a Wesley que n\u00e3o vai abrir a boca. Wesley diz que Lincon n\u00e3o precisa de contar com ele. Fausto diz a Lincon que a situa\u00e7\u00e3o dele s\u00f3 vai piorar se ele n\u00e3o abrir a boca. Ant\u00f4nio diz que vai falar com Vilma e que ela vai sentir na pele o que est\u00e1 a fazer com a fam\u00edlia dele. Beatriz n\u00e3o deixa Ant\u00f4nio ir e diz que vai convencer Vilma a voltar atr\u00e1s no caso de Vivi e Rafa. Xavier diz a Lincon que ele se comportou bem. Lincon diz que Fausto ir\u00e1 pressionar cada dia mais. Lipe pergunta o que eles cochicham. <\/p>\n<p>Xavier disfar\u00e7a e sai. Lipe diz a Lincon que ele tem um segredo com Xavier e que pode dar-se mal. Vilma diz a Guga e a Dion\u00edsio que Pedro chegou b\u00eabado \u00e0 audi\u00eancia e o juiz deu a guarda para Mercedes. Guga diz que Pedro nunca tomaria nada no dia da audi\u00eancia. Mercedes diz que Vivi e Rafa ter\u00e3o uma vida decente. Ant\u00f4nio pede uma arma emprestada a Marreta, que diz que \u00e9 uma asneira matar Vilma. Ant\u00f4nio diz que vai matar Vilma com ou sem ajuda de Marreta. Leo conta a Guilherme que Michele estava com febre. Guilherme fica assustado. Guilherme liga desesperado para Michele. A m\u00e3e de Michele diz que ela est\u00e1 internada mas n\u00e3o diz em qual hospital.<\/p>\n<p>(*) edi\u00e7\u00e3o da Rede Record, Novela \u201cChamas da Vida\u201d, sujeito a altera\u00e7\u00e3o de data e conte\u00fado.<\/p>\n","protected":false},"excerpt":{"rendered":"<p>Novela \u201cChamas da Vida\u201d resumo 15\/07: Vilma diz a Guga e a Dion\u00edsio que Pedro chegou b\u00eabado \u00e0 audi\u00eancia e o juiz deu a guarda para Mercedes. Guga diz que Pedro nunca tomaria nada no dia da audi\u00eancia. Mercedes diz que Vivi e Rafa ter\u00e3o uma vida decente. Ant\u00f4nio pede uma arma emprestada a Marreta, [&hellip;]<\/p>\n","protected":false},"author":2,"featured_media":82020,"comment_status":"open","ping_status":"closed","sticky":false,"template":"","format":"standard","meta":{"tdm_status":"","tdm_grid_status":"","footnotes":""},"categories":[379,371,343],"tags":[441],"class_list":{"0":"post-90399","1":"post","2":"type-post","3":"status-publish","4":"format-standard","5":"has-post-thumbnail","7":"category-novelas","8":"category-rede-record","9":"category-televisao","10":"tag-resumo-do-dia"},"_links":{"self":[{"href":"https:\/\/migracao.redenoticia.com.br\/noticia\/wp-json\/wp\/v2\/posts\/90399","targetHints":{"allow":["GET"]}}],"collection":[{"href":"https:\/\/migracao.redenoticia.com.br\/noticia\/wp-json\/wp\/v2\/posts"}],"about":[{"href":"https:\/\/migracao.redenoticia.com.br\/noticia\/wp-json\/wp\/v2\/types\/post"}],"author":[{"embeddable":true,"href":"https:\/\/migracao.redenoticia.com.br\/noticia\/wp-json\/wp\/v2\/users\/2"}],"replies":[{"embeddable":true,"href":"https:\/\/migracao.redenoticia.com.br\/noticia\/wp-json\/wp\/v2\/comments?post=90399"}],"version-history":[{"count":0,"href":"https:\/\/migracao.redenoticia.com.br\/noticia\/wp-json\/wp\/v2\/posts\/90399\/revisions"}],"wp:featuredmedia":[{"embeddable":true,"href":"https:\/\/migracao.redenoticia.com.br\/noticia\/wp-json\/wp\/v2\/media\/82020"}],"wp:attachment":[{"href":"https:\/\/migracao.redenoticia.com.br\/noticia\/wp-json\/wp\/v2\/media?parent=90399"}],"wp:term":[{"taxonomy":"category","embeddable":true,"href":"https:\/\/migracao.redenoticia.com.br\/noticia\/wp-json\/wp\/v2\/categories?post=90399"},{"taxonomy":"post_tag","embeddable":true,"href":"https:\/\/migracao.redenoticia.com.br\/noticia\/wp-json\/wp\/v2\/tags?post=90399"}],"curies":[{"name":"wp","href":"https:\/\/api.w.org\/{rel}","templated":true}]}}