{"id":90426,"date":"2016-07-18T10:02:05","date_gmt":"2016-07-18T13:02:05","guid":{"rendered":"http:\/\/www.redenoticia.com.br\/noticia\/?p=90426"},"modified":"2016-07-15T13:48:35","modified_gmt":"2016-07-15T16:48:35","slug":"curso-gratuito-de-idiomas-em-sp-tem-inscricoes-abertas","status":"publish","type":"post","link":"https:\/\/migracao.redenoticia.com.br\/noticia\/2016\/curso-gratuito-de-idiomas-em-sp-tem-inscricoes-abertas\/90426","title":{"rendered":"Curso gratuito de idiomas em SP tem inscri\u00e7\u00f5es abertas"},"content":{"rendered":"<p>Os alunos da rede estadual que est\u00e3o interessados em aprender um novo idioma j\u00e1 podem se matricular nas turmas do segundo semestre dos <strong><em>Centros de Estudo de L\u00ednguas<\/em><\/strong> (CEL). S\u00e3o seis idiomas: alem\u00e3o, espanhol, franc\u00eas, ingl\u00eas, italiano e japon\u00eas, todos ministrados gratuitamente em mais de 200 unidades espalhadas pelo estado.<\/p>\n<p>Para fazer a inscri\u00e7\u00e3o, basta comparecer em uma unidade de ensino com um documento de identifica\u00e7\u00e3o. Se o aluno for menor de idade, a orienta\u00e7\u00e3o \u00e9 que o cadastro seja feito junto dos pais ou respons\u00e1veis. Clique  e veja a unidade mais pr\u00f3xima.<\/p>\n<p>As aulas s\u00e3o din\u00e2micas e combinam tr\u00eas no\u00e7\u00f5es fundamentais para o aprendizado de uma segunda l\u00edngua: conversa\u00e7\u00e3o, gram\u00e1tica e leitura. Testes individuais e em grupo s\u00e3o aplicados para avaliar o desempenho dos alunos.<\/p>\n<p>Durante o curso \u00e9 comum surgirem oportunidades para conhecer uma nova cultura. \u00c9 o caso dos interc\u00e2mbios internacionais, que d\u00e3o aos jovens a possibilidade de aprender mais sobre a arte, os costumes e a culin\u00e1ria de outro pa\u00eds.<\/p>\n<p>O cronograma do CEL \u00e9 dividido em semestres e totaliza 3 anos de atividades (ou 80 aulas). A exce\u00e7\u00e3o \u00e9 o curso de ingl\u00eas, que tem dura\u00e7\u00e3o de um ano (ou 160 aulas).<\/p>\n<p>Do Portal do Governo do Estado SP<\/p>\n","protected":false},"excerpt":{"rendered":"<p>Os alunos da rede estadual que est\u00e3o interessados em aprender um novo idioma j\u00e1 podem se matricular nas turmas do segundo semestre dos Centros de Estudo de L\u00ednguas (CEL). S\u00e3o seis idiomas: alem\u00e3o, espanhol, franc\u00eas, ingl\u00eas, italiano e japon\u00eas, todos ministrados gratuitamente em mais de 200 unidades espalhadas pelo estado. Para fazer a inscri\u00e7\u00e3o, basta [&hellip;]<\/p>\n","protected":false},"author":2,"featured_media":35036,"comment_status":"open","ping_status":"closed","sticky":false,"template":"","format":"standard","meta":{"tdm_status":"","tdm_grid_status":"","footnotes":""},"categories":[22,351,370],"tags":[],"class_list":{"0":"post-90426","1":"post","2":"type-post","3":"status-publish","4":"format-standard","5":"has-post-thumbnail","7":"category-brasil","8":"category-cursos","9":"category-inscricao"},"_links":{"self":[{"href":"https:\/\/migracao.redenoticia.com.br\/noticia\/wp-json\/wp\/v2\/posts\/90426","targetHints":{"allow":["GET"]}}],"collection":[{"href":"https:\/\/migracao.redenoticia.com.br\/noticia\/wp-json\/wp\/v2\/posts"}],"about":[{"href":"https:\/\/migracao.redenoticia.com.br\/noticia\/wp-json\/wp\/v2\/types\/post"}],"author":[{"embeddable":true,"href":"https:\/\/migracao.redenoticia.com.br\/noticia\/wp-json\/wp\/v2\/users\/2"}],"replies":[{"embeddable":true,"href":"https:\/\/migracao.redenoticia.com.br\/noticia\/wp-json\/wp\/v2\/comments?post=90426"}],"version-history":[{"count":0,"href":"https:\/\/migracao.redenoticia.com.br\/noticia\/wp-json\/wp\/v2\/posts\/90426\/revisions"}],"wp:featuredmedia":[{"embeddable":true,"href":"https:\/\/migracao.redenoticia.com.br\/noticia\/wp-json\/wp\/v2\/media\/35036"}],"wp:attachment":[{"href":"https:\/\/migracao.redenoticia.com.br\/noticia\/wp-json\/wp\/v2\/media?parent=90426"}],"wp:term":[{"taxonomy":"category","embeddable":true,"href":"https:\/\/migracao.redenoticia.com.br\/noticia\/wp-json\/wp\/v2\/categories?post=90426"},{"taxonomy":"post_tag","embeddable":true,"href":"https:\/\/migracao.redenoticia.com.br\/noticia\/wp-json\/wp\/v2\/tags?post=90426"}],"curies":[{"name":"wp","href":"https:\/\/api.w.org\/{rel}","templated":true}]}}