{"id":90431,"date":"2016-07-15T10:28:18","date_gmt":"2016-07-15T13:28:18","guid":{"rendered":"http:\/\/www.redenoticia.com.br\/noticia\/?p=90431"},"modified":"2016-07-14T20:29:23","modified_gmt":"2016-07-14T23:29:23","slug":"poli-usp-abre-inscricao-para-aluno-especial-de-mestrado-e-doutorado","status":"publish","type":"post","link":"https:\/\/migracao.redenoticia.com.br\/noticia\/2016\/poli-usp-abre-inscricao-para-aluno-especial-de-mestrado-e-doutorado\/90431","title":{"rendered":"Poli USP abre inscri\u00e7\u00e3o para aluno especial de mestrado e doutorado"},"content":{"rendered":"<p> Ag\u00eancia FAPESP \u2013 A Escola Polit\u00e9cnica da Universidade de S\u00e3o Paulo (Poli-USP) abriu <strong><em>inscri\u00e7\u00f5es para alunos especiais<\/em><\/strong> \u2013 matriculados apenas em disciplinas isoladas, sem v\u00ednculo com o Programa\u00a0\u2013\u00a0\u00a0nas disciplinas do 3\u00ba per\u00edodo do Programa de P\u00f3s-Gradua\u00e7\u00e3o do Departamento de Engenharia de Minas e de Petr\u00f3leo. O per\u00edodo letivo \u00e9 de 12 de setembro a 14 de dezembro.<\/p>\n<p>As aulas na linha de pesquisa de petr\u00f3leo s\u00e3o ministradas no campus de Santos, e as de minera\u00e7\u00e3o no campus Butant\u00e3, em S\u00e3o Paulo. O programa conta atualmente com 39 disciplinas ativas e cadastradas, ministradas regularmente em intervalos anual, bienal e trienal. Para ingresso como aluno regular, os interessados dever\u00e3o participar do processo seletivo, que ser\u00e1 divulgado por meio de edital.<\/p>\n<p>Interessados devem realizar a inscri\u00e7\u00e3o nos dias 22 e 23 de agosto na secretaria do Departamento, em S\u00e3o Paulo, \u00e0 av. Prof. Mello Moraes, 2.372, Butant\u00e3, ou em Santos, \u00e0 pra\u00e7a Coronel Narciso de Andrade, s\/n, Vila Matias.<\/p>\n<p>No ato de inscri\u00e7\u00e3o os candidatos devem apresentar os\u00a0.<\/p>\n<p>Mais informa\u00e7\u00f5es podem ser encontradas no .<\/p>\n<p>A lista de disciplinas oferecidas no 3\u00ba per\u00edodo de 2016 e outras informa\u00e7\u00f5es est\u00e3o dispon\u00edveis em .<\/p>\n","protected":false},"excerpt":{"rendered":"<p>Ag\u00eancia FAPESP \u2013 A Escola Polit\u00e9cnica da Universidade de S\u00e3o Paulo (Poli-USP) abriu inscri\u00e7\u00f5es para alunos especiais \u2013 matriculados apenas em disciplinas isoladas, sem v\u00ednculo com o Programa\u00a0\u2013\u00a0\u00a0nas disciplinas do 3\u00ba per\u00edodo do Programa de P\u00f3s-Gradua\u00e7\u00e3o do Departamento de Engenharia de Minas e de Petr\u00f3leo. O per\u00edodo letivo \u00e9 de 12 de setembro a 14 [&hellip;]<\/p>\n","protected":false},"author":2,"featured_media":28951,"comment_status":"open","ping_status":"closed","sticky":false,"template":"","format":"standard","meta":{"tdm_status":"","tdm_grid_status":"","footnotes":""},"categories":[22,351,370],"tags":[],"class_list":{"0":"post-90431","1":"post","2":"type-post","3":"status-publish","4":"format-standard","5":"has-post-thumbnail","7":"category-brasil","8":"category-cursos","9":"category-inscricao"},"_links":{"self":[{"href":"https:\/\/migracao.redenoticia.com.br\/noticia\/wp-json\/wp\/v2\/posts\/90431","targetHints":{"allow":["GET"]}}],"collection":[{"href":"https:\/\/migracao.redenoticia.com.br\/noticia\/wp-json\/wp\/v2\/posts"}],"about":[{"href":"https:\/\/migracao.redenoticia.com.br\/noticia\/wp-json\/wp\/v2\/types\/post"}],"author":[{"embeddable":true,"href":"https:\/\/migracao.redenoticia.com.br\/noticia\/wp-json\/wp\/v2\/users\/2"}],"replies":[{"embeddable":true,"href":"https:\/\/migracao.redenoticia.com.br\/noticia\/wp-json\/wp\/v2\/comments?post=90431"}],"version-history":[{"count":0,"href":"https:\/\/migracao.redenoticia.com.br\/noticia\/wp-json\/wp\/v2\/posts\/90431\/revisions"}],"wp:featuredmedia":[{"embeddable":true,"href":"https:\/\/migracao.redenoticia.com.br\/noticia\/wp-json\/wp\/v2\/media\/28951"}],"wp:attachment":[{"href":"https:\/\/migracao.redenoticia.com.br\/noticia\/wp-json\/wp\/v2\/media?parent=90431"}],"wp:term":[{"taxonomy":"category","embeddable":true,"href":"https:\/\/migracao.redenoticia.com.br\/noticia\/wp-json\/wp\/v2\/categories?post=90431"},{"taxonomy":"post_tag","embeddable":true,"href":"https:\/\/migracao.redenoticia.com.br\/noticia\/wp-json\/wp\/v2\/tags?post=90431"}],"curies":[{"name":"wp","href":"https:\/\/api.w.org\/{rel}","templated":true}]}}