{"id":90435,"date":"2016-07-15T10:31:04","date_gmt":"2016-07-15T13:31:04","guid":{"rendered":"http:\/\/www.redenoticia.com.br\/noticia\/?p=90435"},"modified":"2016-07-14T20:32:21","modified_gmt":"2016-07-14T23:32:21","slug":"vai-viajar-para-dentro-ou-fora-do-brasil-saiba-como-preservar-a-saude","status":"publish","type":"post","link":"https:\/\/migracao.redenoticia.com.br\/noticia\/2016\/vai-viajar-para-dentro-ou-fora-do-brasil-saiba-como-preservar-a-saude\/90435","title":{"rendered":"Vai viajar para dentro ou fora do Brasil? Saiba como preservar a sa\u00fade"},"content":{"rendered":"<p> Empolgadas com o pr\u00f3ximo destino das <strong><em>f\u00e9rias<\/em><\/strong>, as pessoas costumam se esquecer de alguns detalhes importantes que v\u00e3o al\u00e9m da bagagem. Seja dentro ou fora do Brasil, h\u00e1 \u00e1reas de risco que exigem do viajante uma s\u00e9rie de cuidados para evitar enfermidades end\u00eamicas e contagiosas.<\/p>\n<p>O infectologista e coordenador do Ambulat\u00f3rio de Medicina do Viajante do Hospital Em\u00edlio Ribas, Dr. Jess\u00e9 Reis Alves, apresenta algumas dicas essenciais para embarcar com seguran\u00e7a.<\/p>\n<p>De acordo com o especialista, \u00e9 preciso avaliar primeiramente o hist\u00f3rico do viajante antes de recomendar determinada vacina. \u201cCostumo dizer que a gente n\u00e3o vacina o roteiro, e sim o indiv\u00edduo\u201d, disse o infectologista. Segundo ele, \u00e9 necess\u00e1rio verificar primeiramente se a vacina\u00e7\u00e3o est\u00e1 em dia, depois o destino, as atividades que ser\u00e3o realizadas na viagem (praia, cidade, trilha), o tipo de transporte utilizado, entre outros detalhes que indicar\u00e3o as medidas preventivas mais seguras. Por isso, o m\u00e9dico aconselha passar por uma consultar antes em um posto de atendimento ao viajante, j\u00e1 que cada situa\u00e7\u00e3o exige um cuidado espec\u00edfico.<\/p>\n<p>Jess\u00e9 Alves esclarece ainda que n\u00e3o \u00e9 poss\u00edvel prevenir todas as enfermidades por meio das vacinas. \u201cH\u00e1 doen\u00e7as que s\u00e3o transmitidas, por exemplo, atrav\u00e9s de mosquitos, como a mal\u00e1ria, ou ainda pela alimenta\u00e7\u00e3o\u201d, explicou. \u201cEm qualquer roteiro, \u00e9 preciso estar atento \u00e0 forma de preparo dos alimentos. Na d\u00favida, prefira os mais cozidos e invista em \u00e1gua mineral, que indica a proced\u00eancia\u201d, orienta o m\u00e9dico.<\/p>\n<p>Vacinas<br \/>\nDos estados brasileiros, muitos ainda oferecem riscos, portanto, manter a carteira de vacina\u00e7\u00e3o em dia \u00e9 prioridade, seja qual for o destino. T\u00e9tano, tr\u00edplice viral e hepatite B s\u00e3o as vacinas mais comuns exigidas, mas a de febre amarela ainda \u00e9 a mais requisitada, isso porque foram relatados casos recentes da doen\u00e7a nas regi\u00f5es de S\u00e3o Paulo (Oeste), Amazonas, Minas Gerais, Centro-Oeste, Rio Grande do Sul, entre outras, especialmente nas \u00e1reas rurais.<\/p>\n<p>Consulte as regi\u00f5es de risco no site do <\/p>\n<p>Se a ideia for curtir os ares da Europa, verifique se est\u00e1 com as vacinas de sarampo e rub\u00e9ola atualizadas. Para quem nasceu ap\u00f3s 1960, recomenda-se tomar uma nova dose na fase adulta como garantia. As crian\u00e7as tamb\u00e9m exigem aten\u00e7\u00e3o.<\/p>\n<p>Outra vacina recomendada \u00e9 a anti-r\u00e1bica, indicada principalmente para quem pretende visitar o Sudeste Asi\u00e1tico e a \u00cdndia, mas tudo depende das atividades que o visitante far\u00e1 nesses locais. Na zona rural, o morcego constitui o mais importante ve\u00edculo do v\u00edrus r\u00e1bico. Outros animais ocasionalmente envolvidos na transmiss\u00e3o da raiva para humanos s\u00e3o: gatos, macacos, raposas, etc.<\/p>\n<p>O coordenador do Ambulat\u00f3rio de Medicina do Viajante alerta para fazer a vacina\u00e7\u00e3o com pelo menos quatro semanas de anteced\u00eancia do embarque, para garantir uma imuniza\u00e7\u00e3o mais eficaz. Caso o viajante n\u00e3o tenha esse tempo, o importante \u00e9 se vacinar antes de embarcar.<\/p>\n<p>SERVI\u00c7O<br \/>\nAmbulat\u00f3rio de Medicina do Viajante &#8211; Hospital Em\u00edlio Ribas<br \/>\nAv. Doutor Arnaldo, 165 \u2013 S\u00e3o Paulo &#8211; SP<br \/>\nDias e hor\u00e1rios: 3\u00aa a 5\u00aa feiras das 8h \u00e0s 17h; 6\u00aa feiras das 8h \u00e0s 11h<br \/>\nQualquer pessoa pode utilizar esse servi\u00e7o, n\u00e3o precisa ser paciente do hospital<br \/>\n\u00c9 necess\u00e1rio agendamento pelo email: agendamento@emilioribas.sp.gov.br<\/p>\n<p>Do Portal do Governo do Estado SP<\/p>\n","protected":false},"excerpt":{"rendered":"<p>Empolgadas com o pr\u00f3ximo destino das f\u00e9rias, as pessoas costumam se esquecer de alguns detalhes importantes que v\u00e3o al\u00e9m da bagagem. Seja dentro ou fora do Brasil, h\u00e1 \u00e1reas de risco que exigem do viajante uma s\u00e9rie de cuidados para evitar enfermidades end\u00eamicas e contagiosas. O infectologista e coordenador do Ambulat\u00f3rio de Medicina do Viajante [&hellip;]<\/p>\n","protected":false},"author":2,"featured_media":41101,"comment_status":"open","ping_status":"closed","sticky":false,"template":"","format":"standard","meta":{"tdm_status":"","tdm_grid_status":"","footnotes":""},"categories":[22,5],"tags":[],"class_list":{"0":"post-90435","1":"post","2":"type-post","3":"status-publish","4":"format-standard","5":"has-post-thumbnail","7":"category-brasil","8":"category-saude-e-vida"},"_links":{"self":[{"href":"https:\/\/migracao.redenoticia.com.br\/noticia\/wp-json\/wp\/v2\/posts\/90435","targetHints":{"allow":["GET"]}}],"collection":[{"href":"https:\/\/migracao.redenoticia.com.br\/noticia\/wp-json\/wp\/v2\/posts"}],"about":[{"href":"https:\/\/migracao.redenoticia.com.br\/noticia\/wp-json\/wp\/v2\/types\/post"}],"author":[{"embeddable":true,"href":"https:\/\/migracao.redenoticia.com.br\/noticia\/wp-json\/wp\/v2\/users\/2"}],"replies":[{"embeddable":true,"href":"https:\/\/migracao.redenoticia.com.br\/noticia\/wp-json\/wp\/v2\/comments?post=90435"}],"version-history":[{"count":0,"href":"https:\/\/migracao.redenoticia.com.br\/noticia\/wp-json\/wp\/v2\/posts\/90435\/revisions"}],"wp:featuredmedia":[{"embeddable":true,"href":"https:\/\/migracao.redenoticia.com.br\/noticia\/wp-json\/wp\/v2\/media\/41101"}],"wp:attachment":[{"href":"https:\/\/migracao.redenoticia.com.br\/noticia\/wp-json\/wp\/v2\/media?parent=90435"}],"wp:term":[{"taxonomy":"category","embeddable":true,"href":"https:\/\/migracao.redenoticia.com.br\/noticia\/wp-json\/wp\/v2\/categories?post=90435"},{"taxonomy":"post_tag","embeddable":true,"href":"https:\/\/migracao.redenoticia.com.br\/noticia\/wp-json\/wp\/v2\/tags?post=90435"}],"curies":[{"name":"wp","href":"https:\/\/api.w.org\/{rel}","templated":true}]}}