{"id":9045,"date":"2009-08-18T23:07:11","date_gmt":"2009-08-19T03:07:11","guid":{"rendered":"http:\/\/www.redenoticia.com.br\/noticia\/?p=9045"},"modified":"2009-08-18T23:07:11","modified_gmt":"2009-08-19T03:07:11","slug":"semana-de-imagem-e-som-discute-a-sexualidade-na-producao-audiovisual","status":"publish","type":"post","link":"https:\/\/migracao.redenoticia.com.br\/noticia\/2009\/semana-de-imagem-e-som-discute-a-sexualidade-na-producao-audiovisual\/9045","title":{"rendered":"Semana de Imagem e Som discute a sexualidade na produ\u00e7\u00e3o audiovisual"},"content":{"rendered":"<p>Entre os dias 9 e 16 de setembro de 2009, acontece na UFSCar a nona edi\u00e7\u00e3o da Semana da Imagem e Som (SeIS.9), com atividades voltadas \u00e0 produ\u00e7\u00e3o audiovisual, palestras, oficinas, mesas de discuss\u00e3o e mostras de filmes, v\u00eddeos, fotografias, artes pl\u00e1sticas e multim\u00eddia. O evento \u00e9 organizado anualmente pelos estudantes do curso de Imagem e Som da Universidade. Neste ano, a SeIS.9 aborda a tem\u00e1tica da sexualidade no audiovisual e apresenta uma discuss\u00e3o sobre as m\u00faltiplas formas com que a sexualidade se faz presente nas produ\u00e7\u00f5es audiovisuais e o modo com que elas interferem na sociedade.<br \/>\nO objetivo da SeIS.9 \u00e9 oferecer um espa\u00e7o de discuss\u00e3o, aprendizado e difus\u00e3o voltado para a \u00e1rea do audiovisual que amplie as discuss\u00f5es que s\u00e3o apresentadas em sala de aula. Al\u00e9m da participa\u00e7\u00e3o de graduandos e professores da UFSCar, o evento tamb\u00e9m abre espa\u00e7o para alunos e professores de outras institui\u00e7\u00f5es, profissionais e artistas da \u00e1rea do audiovisual.<br \/>\nAt\u00e9 o dia 1\u00ba de setembro, est\u00e3o abertas as inscri\u00e7\u00f5es para a Mostra 69 de curtas-metragens. Qualquer interessado pode participar da atividade, que tem como objetivo a divulga\u00e7\u00e3o de curtas-metragens produzidos por realizadores audiovisuais, estudantes e profissionais envolvidos na \u00e1rea. Com isso os organizadores pretendem criar um ambiente prop\u00edcio para a discuss\u00e3o da linguagem audiovisual, al\u00e9m de temas espec\u00edficos. O v\u00eddeo inscrito deve abordar o tema &#8220;Sexualidade&#8221;, ter dura\u00e7\u00e3o m\u00e1xima de 15 minutos e estar gravado em DVD. A inscri\u00e7\u00e3o \u00e9 gratuita.<br \/>\nMais informa\u00e7\u00f5es sobre a SeIS.9, a Mostra 69 e o calend\u00e1rio de atividades podem ser obtidas no site do evento, em\u00a0<a href=\"http:\/\/www.seis9.ufscar.br\/SeIS.html\" target=\"_blank\">www.seis9.ufscar.br\/SeIS.html<\/a>, ou pelo e-mail\u00a0<a href=\"mailto:seisnove@gmail.com\" target=\"_blank\">seisnove@gmail.com<\/a>.<\/p>\n","protected":false},"excerpt":{"rendered":"<p>Entre os dias 9 e 16 de setembro de 2009, acontece na UFSCar a nona edi\u00e7\u00e3o da Semana da Imagem e Som (SeIS.9), com atividades voltadas \u00e0 produ\u00e7\u00e3o audiovisual, palestras, oficinas, mesas de discuss\u00e3o e mostras de filmes, v\u00eddeos, fotografias, artes pl\u00e1sticas e multim\u00eddia. O evento \u00e9 organizado anualmente pelos estudantes do curso de Imagem [&hellip;]<\/p>\n","protected":false},"author":2,"featured_media":0,"comment_status":"open","ping_status":"open","sticky":false,"template":"","format":"standard","meta":{"tdm_status":"","tdm_grid_status":"","footnotes":""},"categories":[22],"tags":[],"class_list":{"0":"post-9045","1":"post","2":"type-post","3":"status-publish","4":"format-standard","6":"category-brasil"},"_links":{"self":[{"href":"https:\/\/migracao.redenoticia.com.br\/noticia\/wp-json\/wp\/v2\/posts\/9045","targetHints":{"allow":["GET"]}}],"collection":[{"href":"https:\/\/migracao.redenoticia.com.br\/noticia\/wp-json\/wp\/v2\/posts"}],"about":[{"href":"https:\/\/migracao.redenoticia.com.br\/noticia\/wp-json\/wp\/v2\/types\/post"}],"author":[{"embeddable":true,"href":"https:\/\/migracao.redenoticia.com.br\/noticia\/wp-json\/wp\/v2\/users\/2"}],"replies":[{"embeddable":true,"href":"https:\/\/migracao.redenoticia.com.br\/noticia\/wp-json\/wp\/v2\/comments?post=9045"}],"version-history":[{"count":0,"href":"https:\/\/migracao.redenoticia.com.br\/noticia\/wp-json\/wp\/v2\/posts\/9045\/revisions"}],"wp:attachment":[{"href":"https:\/\/migracao.redenoticia.com.br\/noticia\/wp-json\/wp\/v2\/media?parent=9045"}],"wp:term":[{"taxonomy":"category","embeddable":true,"href":"https:\/\/migracao.redenoticia.com.br\/noticia\/wp-json\/wp\/v2\/categories?post=9045"},{"taxonomy":"post_tag","embeddable":true,"href":"https:\/\/migracao.redenoticia.com.br\/noticia\/wp-json\/wp\/v2\/tags?post=9045"}],"curies":[{"name":"wp","href":"https:\/\/api.w.org\/{rel}","templated":true}]}}