{"id":9047,"date":"2009-08-18T23:09:49","date_gmt":"2009-08-19T03:09:49","guid":{"rendered":"http:\/\/www.redenoticia.com.br\/noticia\/?p=9047"},"modified":"2009-08-18T23:09:49","modified_gmt":"2009-08-19T03:09:49","slug":"instituto-mercosul-de-estudos-avancados-inicia-atividades-com-palestras-via-web","status":"publish","type":"post","link":"https:\/\/migracao.redenoticia.com.br\/noticia\/2009\/instituto-mercosul-de-estudos-avancados-inicia-atividades-com-palestras-via-web\/9047","title":{"rendered":"Instituto Mercosul de Estudos Avan\u00e7ados inicia atividades com palestras via web"},"content":{"rendered":"<p>O 1\u00ba\u00a0Col\u00f3quio Internacional Educa\u00e7\u00e3o para a Integra\u00e7\u00e3o Latino-Americana, que ser\u00e1 aberto na quinta-feira, marcar\u00e1 a inaugura\u00e7\u00e3o do Instituto Mercosul de Estudos Avan\u00e7ados \u2013 Imea. A instala\u00e7\u00e3o oficial do Imea ser\u00e1 \u00e0s 12h, no Parque Tecnol\u00f3gico Itaipu, onde tamb\u00e9m funcionar\u00e1 provisoriamente a Universidade Federal da Integra\u00e7\u00e3o Latino-Americana. A palestra magna de abertura do col\u00f3quio ser\u00e1 proferida nesta quarta-feira, \u00e0s 20h, por Enrique Ayala Mora, reitor da Universidade Andina Sim\u00f3n Bol\u00edvar.<\/p>\n<p>O col\u00f3quio, que se estender\u00e1\u00a0 at\u00e9\u00a0o pr\u00f3ximo s\u00e1bado (22) \u2013 no audit\u00f3rio C\u00e9sar Lattes do Parque Tecnol\u00f3gico Itaipu e com transmiss\u00e3o ao vivo pela internet em portugu\u00eas e em espanhol \u2013 contar\u00e1 com diversas palestras distribu\u00eddas em sete pain\u00e9is abordando temas como o papel da universidade nos processos de integra\u00e7\u00e3o, a universidade latino-americana diante da globaliza\u00e7\u00e3o e da sociedade do conhecimento, o saber acad\u00eamico e a difus\u00e3o do conhecimento, experi\u00eancias regionais de integra\u00e7\u00e3o, entre outros.<\/p>\n<p>Na quinta-feira, \u00e0s 10 horas, ter\u00e1\u00a0 in\u00edcio a sess\u00e3o solene de instala\u00e7\u00e3o do Imea e de abertura do col\u00f3quio, que contar\u00e1 com a presen\u00e7a de diversas autoridades, entre elas o diretor-geral brasileiro da Itaipu, Jorge Samek, o reitor da Universidade Federal do Paran\u00e1, Zaki Akel Sobrinho, o ministro do Planejamento, Paulo Bernardo, o presidente da Comiss\u00e3o de Implanta\u00e7\u00e3o da Unila, H\u00e9lgio Trindade, a secret\u00e1ria de estado Lygia Pupatto (da Seti\/PR), a secret\u00e1ria de Educa\u00e7\u00e3o Superior do MEC, Maria Paula Dallari, o presidente da Andifes, Alan Kardek Barbiero, o prefeito de Foz do Igua\u00e7u, Paulo MacDonald e o diretor superintendente da Funda\u00e7\u00e3o PTI, Juan Carlos Sotuyo.<\/p>\n<p>Al\u00e9m da participa\u00e7\u00e3o de especialistas de universidades latino-americanas, como as de Quilmes (Argentina), as federais do Paran\u00e1, Rio Grande do Sul e Pernambuco (Brasil),\u00a0 dos Andes (Col\u00f4mbia) e a Nacional Experimental de Yaracuy (Venezuela), o col\u00f3quio contar\u00e1 tamb\u00e9m com nomes que s\u00e3o refer\u00eancia na academia, na Europa e na Am\u00e9rica do Norte. \u00c9 o caso de Michael Apple, especialista em pol\u00edtica educacional, da Universidade de Wisconsin-Madison (EUA), Susan Robertson, professora de Sociologia da Educa\u00e7\u00e3o na Universidade de Bristol (Inglaterra), e Ronald Glass, egresso da Universidade de Berkeley e atualmente professor da Universidade da Calif\u00f3rnia, Santa Cruz (EUA).<\/p>\n<p>Com apoio das \u00e1reas de tecnologia da informa\u00e7\u00e3o da Itaipu, da UFPR e do PTI, foi desenvolvido um sistema que permitir\u00e1 a internautas de todo o mundo acompanhar as palestras, usando qualquer navegador. Basta acessar o\u00a0<em>hot site<\/em> da Universidade Federal da Integra\u00e7\u00e3o Latino-americana (Unila), no endere\u00e7o\u00a0<a href=\"http:\/\/www.unila.ufpr.br\/\" target=\"_blank\">www.unila.ufpr.br<\/a>. Ap\u00f3s escolher o idioma na tela de abertura, basta clicar na interface de v\u00eddeo localizada no rodap\u00e9 da p\u00e1gina.<\/p>\n<p>Segundo H\u00e9lgio Trindade, o in\u00edcio das atividades do Imea, que \u00e9 vinculado \u00e0 Unila, demostra a preocupa\u00e7\u00e3o com a qualidade do ensino na universidade latino-americana, cujas atividades acad\u00eamicas de gradua\u00e7\u00e3o est\u00e3o previstas para iniciar em mar\u00e7o de 2010. Isso por que s\u00e3o poucas as institui\u00e7\u00f5es de ensino superior no pa\u00eds que contam com um instituto de altos estudos, como no caso da Unila com o Imea. E mais raro ainda \u00e9 iniciar o seu funcionamento pelo instituto. \u201cO Imea \u00e9 uma esp\u00e9cie de locomotiva da Unila. N\u00e3o por acaso, o col\u00f3quio tratar\u00e1 de temas estrat\u00e9gicos para o projeto acad\u00eamico da universidade, como o papel do ensino nos processos de integra\u00e7\u00e3o regional\u201d, afirma Trindade.<\/p>\n<p>Ainda no segundo semestre, ocorrer\u00e3o outras atividades em n\u00edvel de p\u00f3s-gradua\u00e7\u00e3o, como o 1\u00ba\u00a0Curso Latino-americano de Especializa\u00e7\u00e3o em Pol\u00edticas e Avalia\u00e7\u00e3o do Ensino Superior, que ter\u00e1 in\u00edcio em 1<sup>o<\/sup> de outubro. Ser\u00e3o 40 alunos (20 brasileiros e 20 de outros pa\u00edses da Am\u00e9rica Latina). O quadro de professores tamb\u00e9m obedecer\u00e1 a essa mesma propor\u00e7\u00e3o. A partir de 31 de outubro come\u00e7am as 10 c\u00e1tedras do Imea, que se estender\u00e3o at\u00e9 5 de dezembro. As c\u00e1tedras, coordenadas por professores doutores, tratar\u00e3o de temas de cada uma das \u00e1reas da Unila, permitindo qualificar o corpo docente da institui\u00e7\u00e3o via confer\u00eancias e semin\u00e1rios, e organizar a gradua\u00e7\u00e3o, p\u00f3s-gradua\u00e7\u00e3o e a pesquisa da universidade.<\/p>\n<p>A Unila, j\u00e1\u00a0aprovada por unanimidade nas quatro comiss\u00f5es por que passou na C\u00e2mara dos Deputados, agora segue para aprova\u00e7\u00e3o final no Senado. A sele\u00e7\u00e3o dos alunos de gradua\u00e7\u00e3o ser\u00e1\u00a0feita com base no Exame Nacional do Ensino M\u00e9dio (Enem), a ser realizado em outubro.<\/p>\n","protected":false},"excerpt":{"rendered":"<p>O 1\u00ba\u00a0Col\u00f3quio Internacional Educa\u00e7\u00e3o para a Integra\u00e7\u00e3o Latino-Americana, que ser\u00e1 aberto na quinta-feira, marcar\u00e1 a inaugura\u00e7\u00e3o do Instituto Mercosul de Estudos Avan\u00e7ados \u2013 Imea. A instala\u00e7\u00e3o oficial do Imea ser\u00e1 \u00e0s 12h, no Parque Tecnol\u00f3gico Itaipu, onde tamb\u00e9m funcionar\u00e1 provisoriamente a Universidade Federal da Integra\u00e7\u00e3o Latino-Americana. A palestra magna de abertura do col\u00f3quio ser\u00e1 proferida [&hellip;]<\/p>\n","protected":false},"author":2,"featured_media":0,"comment_status":"open","ping_status":"open","sticky":false,"template":"","format":"standard","meta":{"tdm_status":"","tdm_grid_status":"","footnotes":""},"categories":[7],"tags":[],"class_list":{"0":"post-9047","1":"post","2":"type-post","3":"status-publish","4":"format-standard","6":"category-economia"},"_links":{"self":[{"href":"https:\/\/migracao.redenoticia.com.br\/noticia\/wp-json\/wp\/v2\/posts\/9047","targetHints":{"allow":["GET"]}}],"collection":[{"href":"https:\/\/migracao.redenoticia.com.br\/noticia\/wp-json\/wp\/v2\/posts"}],"about":[{"href":"https:\/\/migracao.redenoticia.com.br\/noticia\/wp-json\/wp\/v2\/types\/post"}],"author":[{"embeddable":true,"href":"https:\/\/migracao.redenoticia.com.br\/noticia\/wp-json\/wp\/v2\/users\/2"}],"replies":[{"embeddable":true,"href":"https:\/\/migracao.redenoticia.com.br\/noticia\/wp-json\/wp\/v2\/comments?post=9047"}],"version-history":[{"count":0,"href":"https:\/\/migracao.redenoticia.com.br\/noticia\/wp-json\/wp\/v2\/posts\/9047\/revisions"}],"wp:attachment":[{"href":"https:\/\/migracao.redenoticia.com.br\/noticia\/wp-json\/wp\/v2\/media?parent=9047"}],"wp:term":[{"taxonomy":"category","embeddable":true,"href":"https:\/\/migracao.redenoticia.com.br\/noticia\/wp-json\/wp\/v2\/categories?post=9047"},{"taxonomy":"post_tag","embeddable":true,"href":"https:\/\/migracao.redenoticia.com.br\/noticia\/wp-json\/wp\/v2\/tags?post=9047"}],"curies":[{"name":"wp","href":"https:\/\/api.w.org\/{rel}","templated":true}]}}