{"id":90488,"date":"2016-07-18T10:03:39","date_gmt":"2016-07-18T13:03:39","guid":{"rendered":"http:\/\/www.redenoticia.com.br\/noticia\/?p=90488"},"modified":"2016-07-15T13:50:30","modified_gmt":"2016-07-15T16:50:30","slug":"inova-unicamp-abre-inscricoes-para-curso-de-especializacao-em-propriedade-intelectual","status":"publish","type":"post","link":"https:\/\/migracao.redenoticia.com.br\/noticia\/2016\/inova-unicamp-abre-inscricoes-para-curso-de-especializacao-em-propriedade-intelectual\/90488","title":{"rendered":"Inova Unicamp abre inscri\u00e7\u00f5es para curso de Especializa\u00e7\u00e3o em Propriedade Intelectual"},"content":{"rendered":"<p>Ag\u00eancia FAPESP \u2013 A Ag\u00eancia de Inova\u00e7\u00e3o Inova Unicamp abriu inscri\u00e7\u00f5es para o <strong><em>curso Especializa\u00e7\u00e3o em Propriedade Intelectual<\/em><\/strong>, oferecido por meio do Departamento de Engenharia de Processos (Depro) da Faculdade de Engenharia Qu\u00edmica (FEQ) da Universidade Estadual de Campinas (Unicamp). As inscri\u00e7\u00f5es encerram em 24 de julho.<\/p>\n<p>Os objetivos do curso s\u00e3o atender a demanda de empresas para capacita\u00e7\u00e3o de funcion\u00e1rios e formar especialistas para o mercado de trabalho nas \u00e1reas de propriedade intelectual e intelig\u00eancia tecnol\u00f3gica.<\/p>\n<p>O objetivo do curso \u00e9 formar especialistas em propriedade intelectual com \u00eanfase em intelig\u00eancia tecnol\u00f3gica para defini\u00e7\u00e3o de estrat\u00e9gias de prote\u00e7\u00e3o e valora\u00e7\u00e3o dos ativos intang\u00edveis, defini\u00e7\u00e3o de estrat\u00e9gias para busca de informa\u00e7\u00f5es tecnol\u00f3gicas para neg\u00f3cios, capta\u00e7\u00e3o de recursos para pesquisa, desenvolvimento e inova\u00e7\u00e3o (P&amp;D&amp;I), negocia\u00e7\u00e3o e contratos de transfer\u00eancia ou aquisi\u00e7\u00e3o de tecnologia.<\/p>\n<p>O curso tem como p\u00fablico-alvo profissionais de empresas p\u00fablicas e privadas e de centros de pesquisa que atuam em \u00e1reas como novos neg\u00f3cios, intelig\u00eancia tecnol\u00f3gica, intelig\u00eancia competitiva, propriedade intelectual, capta\u00e7\u00e3o de recursos para P&amp;D&amp;I, desenvolvimento de tecnologias e de produtos, entre outros, assim como profissionais de N\u00facleos de Inova\u00e7\u00e3o Tecnol\u00f3gica de Institui\u00e7\u00f5es de Ci\u00eancia e Tecnologia, ou ainda interessados em ingressar nas \u00e1reas mencionadas.<\/p>\n<p>Para mais informa\u00e7\u00f5es acesse o endere\u00e7o .<\/p>\n","protected":false},"excerpt":{"rendered":"<p>Ag\u00eancia FAPESP \u2013 A Ag\u00eancia de Inova\u00e7\u00e3o Inova Unicamp abriu inscri\u00e7\u00f5es para o curso Especializa\u00e7\u00e3o em Propriedade Intelectual, oferecido por meio do Departamento de Engenharia de Processos (Depro) da Faculdade de Engenharia Qu\u00edmica (FEQ) da Universidade Estadual de Campinas (Unicamp). As inscri\u00e7\u00f5es encerram em 24 de julho. Os objetivos do curso s\u00e3o atender a demanda [&hellip;]<\/p>\n","protected":false},"author":2,"featured_media":36246,"comment_status":"open","ping_status":"closed","sticky":false,"template":"","format":"standard","meta":{"tdm_status":"","tdm_grid_status":"","footnotes":""},"categories":[22,351,370],"tags":[],"class_list":{"0":"post-90488","1":"post","2":"type-post","3":"status-publish","4":"format-standard","5":"has-post-thumbnail","7":"category-brasil","8":"category-cursos","9":"category-inscricao"},"_links":{"self":[{"href":"https:\/\/migracao.redenoticia.com.br\/noticia\/wp-json\/wp\/v2\/posts\/90488","targetHints":{"allow":["GET"]}}],"collection":[{"href":"https:\/\/migracao.redenoticia.com.br\/noticia\/wp-json\/wp\/v2\/posts"}],"about":[{"href":"https:\/\/migracao.redenoticia.com.br\/noticia\/wp-json\/wp\/v2\/types\/post"}],"author":[{"embeddable":true,"href":"https:\/\/migracao.redenoticia.com.br\/noticia\/wp-json\/wp\/v2\/users\/2"}],"replies":[{"embeddable":true,"href":"https:\/\/migracao.redenoticia.com.br\/noticia\/wp-json\/wp\/v2\/comments?post=90488"}],"version-history":[{"count":0,"href":"https:\/\/migracao.redenoticia.com.br\/noticia\/wp-json\/wp\/v2\/posts\/90488\/revisions"}],"wp:featuredmedia":[{"embeddable":true,"href":"https:\/\/migracao.redenoticia.com.br\/noticia\/wp-json\/wp\/v2\/media\/36246"}],"wp:attachment":[{"href":"https:\/\/migracao.redenoticia.com.br\/noticia\/wp-json\/wp\/v2\/media?parent=90488"}],"wp:term":[{"taxonomy":"category","embeddable":true,"href":"https:\/\/migracao.redenoticia.com.br\/noticia\/wp-json\/wp\/v2\/categories?post=90488"},{"taxonomy":"post_tag","embeddable":true,"href":"https:\/\/migracao.redenoticia.com.br\/noticia\/wp-json\/wp\/v2\/tags?post=90488"}],"curies":[{"name":"wp","href":"https:\/\/api.w.org\/{rel}","templated":true}]}}