{"id":9049,"date":"2009-08-18T23:10:55","date_gmt":"2009-08-19T03:10:55","guid":{"rendered":"http:\/\/www.redenoticia.com.br\/noticia\/?p=9049"},"modified":"2009-08-18T23:10:55","modified_gmt":"2009-08-19T03:10:55","slug":"seminario-do-butantan-traz-a-contribuicoes-para-saude","status":"publish","type":"post","link":"https:\/\/migracao.redenoticia.com.br\/noticia\/2009\/seminario-do-butantan-traz-a-contribuicoes-para-saude\/9049","title":{"rendered":"Semin\u00e1rio do Butantan traz a contribui\u00e7\u00f5es para sa\u00fade"},"content":{"rendered":"<p>O Instituto Butantan, \u00f3rg\u00e3o da Secretaria de Estado da Sa\u00fade de S\u00e3o Paulo, promove o semin\u00e1rio \u201cCentro de Imunologia \u2013 40 anos e pavilh\u00e3o Lemos Monteiro 90 anos &#8211; Contribui\u00e7\u00f5es \u00e0 sa\u00fade e \u00e0 pesquisa\u201d<\/p>\n<p>Fatos hist\u00f3ricos e cient\u00edficos ser\u00e3o lembrados neste semin\u00e1rio, que conta com palestrantes respons\u00e1veis por importantes \u00e1reas do Instituto. Fatos e o processo de desenvolvimento dos novos conceitos na pesquisa e na produ\u00e7\u00e3o de soros e vacinas ser\u00e3o apresentados no evento. Para comemorar datas t\u00e3o importantes em nossa hist\u00f3ria, uma exposi\u00e7\u00e3o de fotos alusiva e testemunhal desses ricos acontecimentos ser\u00e1 exposta no sagu\u00e3o do Pavilh\u00e3o Lemos Monteiro.<\/p>\n<p>O evento \u00e9 gratuito e acontece no dia 26 de agosto das 09 \u00e0s 17h no audit\u00f3rio do Museu Biol\u00f3gico. O Butantan fica na Avenida Vital Brasil 1.500, Butant\u00e3, Zona Oeste da capital.<\/p>\n","protected":false},"excerpt":{"rendered":"<p>O Instituto Butantan, \u00f3rg\u00e3o da Secretaria de Estado da Sa\u00fade de S\u00e3o Paulo, promove o semin\u00e1rio \u201cCentro de Imunologia \u2013 40 anos e pavilh\u00e3o Lemos Monteiro 90 anos &#8211; Contribui\u00e7\u00f5es \u00e0 sa\u00fade e \u00e0 pesquisa\u201d Fatos hist\u00f3ricos e cient\u00edficos ser\u00e3o lembrados neste semin\u00e1rio, que conta com palestrantes respons\u00e1veis por importantes \u00e1reas do Instituto. Fatos e [&hellip;]<\/p>\n","protected":false},"author":2,"featured_media":0,"comment_status":"open","ping_status":"open","sticky":false,"template":"","format":"standard","meta":{"tdm_status":"","tdm_grid_status":"","footnotes":""},"categories":[22,5],"tags":[],"class_list":{"0":"post-9049","1":"post","2":"type-post","3":"status-publish","4":"format-standard","6":"category-brasil","7":"category-saude-e-vida"},"_links":{"self":[{"href":"https:\/\/migracao.redenoticia.com.br\/noticia\/wp-json\/wp\/v2\/posts\/9049","targetHints":{"allow":["GET"]}}],"collection":[{"href":"https:\/\/migracao.redenoticia.com.br\/noticia\/wp-json\/wp\/v2\/posts"}],"about":[{"href":"https:\/\/migracao.redenoticia.com.br\/noticia\/wp-json\/wp\/v2\/types\/post"}],"author":[{"embeddable":true,"href":"https:\/\/migracao.redenoticia.com.br\/noticia\/wp-json\/wp\/v2\/users\/2"}],"replies":[{"embeddable":true,"href":"https:\/\/migracao.redenoticia.com.br\/noticia\/wp-json\/wp\/v2\/comments?post=9049"}],"version-history":[{"count":0,"href":"https:\/\/migracao.redenoticia.com.br\/noticia\/wp-json\/wp\/v2\/posts\/9049\/revisions"}],"wp:attachment":[{"href":"https:\/\/migracao.redenoticia.com.br\/noticia\/wp-json\/wp\/v2\/media?parent=9049"}],"wp:term":[{"taxonomy":"category","embeddable":true,"href":"https:\/\/migracao.redenoticia.com.br\/noticia\/wp-json\/wp\/v2\/categories?post=9049"},{"taxonomy":"post_tag","embeddable":true,"href":"https:\/\/migracao.redenoticia.com.br\/noticia\/wp-json\/wp\/v2\/tags?post=9049"}],"curies":[{"name":"wp","href":"https:\/\/api.w.org\/{rel}","templated":true}]}}