{"id":9051,"date":"2009-08-18T23:12:42","date_gmt":"2009-08-19T03:12:42","guid":{"rendered":"http:\/\/www.redenoticia.com.br\/noticia\/?p=9051"},"modified":"2009-08-18T23:12:42","modified_gmt":"2009-08-19T03:12:42","slug":"encontro-do-icmbio-discute-conservacao-ambiental-ao-longo-da-br-319","status":"publish","type":"post","link":"https:\/\/migracao.redenoticia.com.br\/noticia\/2009\/encontro-do-icmbio-discute-conservacao-ambiental-ao-longo-da-br-319\/9051","title":{"rendered":"Encontro do ICMBIO discute conserva\u00e7\u00e3o ambiental ao longo da BR 319"},"content":{"rendered":"<p>Servidores do Instituto Chico Mendes de Conserva\u00e7\u00e3o da Biodiversidade (ICMBIO) de Manaus, Porto Velho e Bras\u00edlia est\u00e3o reunidos no audit\u00f3rio do Centro Regional do Sistema de Prote\u00e7\u00e3o da Amaz\u00f4nia (Sipam) para discutir a aplica\u00e7\u00e3o de recursos nas Unidades de Conserva\u00e7\u00e3o (UC) sob influ\u00eancia da BR 319, que passa por obras de pavimenta\u00e7\u00e3o e restaura\u00e7\u00e3o.<\/p>\n<p>Um dos focos de investimento do Programa de Acelera\u00e7\u00e3o do Crescimento (PAC), a obra na rodovia, que liga Porto Velho a Manaus, tem motivado questionamentos por parte de ambientalistas, que temem a degrada\u00e7\u00e3o da floresta em seu entorno. Por isso, uma s\u00e9rie de medidas foram estabelecidas como condicionantes para a libera\u00e7\u00e3o do licenciamento ambiental da obra. Dentre elas, a demarca\u00e7\u00e3o, cria\u00e7\u00e3o e investimentos em Unidades de Conserva\u00e7\u00e3o Federais e Estaduais.<\/p>\n<p>Segundo Carolina Carneiro da Fonseca, coordenadora regional do ICMBIO, R$ 14 milh\u00f5es j\u00e1 foram descentralizados pelo Departamento Nacional de Infraestrutura de Transportes (Dnit) para implementa\u00e7\u00e3o da estrutura de 11 Unidades Federais ao longo da rodovia. \u201cAgora estamos reunidos aqui para estabelecer um plano de trabalho e discutir a melhor forma de investir para a prote\u00e7\u00e3o das \u00e1reas\u201d, revela. O dinheiro ser\u00e1 voltado \u00e0 estrutura\u00e7\u00e3o de postos de controle, sedes operacionais, sinaliza\u00e7\u00e3o, elabora\u00e7\u00e3o de planos de manejo, entre outros recursos utilizados pelo ICMBIO para proteger os recursos naturais, apesar do desenvolvimento trazido pela BR.<\/p>\n<p>Dentre as 11 UCs, 7 foram criadas recentemente, 2 est\u00e3o localizadas em Rond\u00f4nia (Reserva Extrativista do Lago do Cuni\u00e3 e Esta\u00e7\u00e3o Ecol\u00f3gica do Cuni\u00e3) e o restante no estado do Amazonas. De acordo com Ricardo Soavinski, diretor de unidades de conserva\u00e7\u00e3o que participa das atividades em Porto Velho, o primeiro trabalho ser\u00e1 de demarca\u00e7\u00e3o, que j\u00e1 come\u00e7ou a ser feito em julho pelo Ex\u00e9rcito. \u201cJ\u00e1 s\u00e3o aproximandamente 15 equipes em campo, n\u00famero que chegar\u00e1 a 50 no decorrer do trabalho\u201d, diz\u00a0 Soavinski.<\/p>\n<p>O encontro de trabalho acontece nesta ter\u00e7a e quarta-feiras. \u00c0 partir de quinta-feira, parte do grupo permanece no Sipam para reuni\u00e3o com militares e planejamento das etapas de demarca\u00e7\u00e3o.<\/p>\n","protected":false},"excerpt":{"rendered":"<p>Servidores do Instituto Chico Mendes de Conserva\u00e7\u00e3o da Biodiversidade (ICMBIO) de Manaus, Porto Velho e Bras\u00edlia est\u00e3o reunidos no audit\u00f3rio do Centro Regional do Sistema de Prote\u00e7\u00e3o da Amaz\u00f4nia (Sipam) para discutir a aplica\u00e7\u00e3o de recursos nas Unidades de Conserva\u00e7\u00e3o (UC) sob influ\u00eancia da BR 319, que passa por obras de pavimenta\u00e7\u00e3o e restaura\u00e7\u00e3o. Um [&hellip;]<\/p>\n","protected":false},"author":2,"featured_media":0,"comment_status":"open","ping_status":"open","sticky":false,"template":"","format":"standard","meta":{"tdm_status":"","tdm_grid_status":"","footnotes":""},"categories":[22],"tags":[],"class_list":{"0":"post-9051","1":"post","2":"type-post","3":"status-publish","4":"format-standard","6":"category-brasil"},"_links":{"self":[{"href":"https:\/\/migracao.redenoticia.com.br\/noticia\/wp-json\/wp\/v2\/posts\/9051","targetHints":{"allow":["GET"]}}],"collection":[{"href":"https:\/\/migracao.redenoticia.com.br\/noticia\/wp-json\/wp\/v2\/posts"}],"about":[{"href":"https:\/\/migracao.redenoticia.com.br\/noticia\/wp-json\/wp\/v2\/types\/post"}],"author":[{"embeddable":true,"href":"https:\/\/migracao.redenoticia.com.br\/noticia\/wp-json\/wp\/v2\/users\/2"}],"replies":[{"embeddable":true,"href":"https:\/\/migracao.redenoticia.com.br\/noticia\/wp-json\/wp\/v2\/comments?post=9051"}],"version-history":[{"count":0,"href":"https:\/\/migracao.redenoticia.com.br\/noticia\/wp-json\/wp\/v2\/posts\/9051\/revisions"}],"wp:attachment":[{"href":"https:\/\/migracao.redenoticia.com.br\/noticia\/wp-json\/wp\/v2\/media?parent=9051"}],"wp:term":[{"taxonomy":"category","embeddable":true,"href":"https:\/\/migracao.redenoticia.com.br\/noticia\/wp-json\/wp\/v2\/categories?post=9051"},{"taxonomy":"post_tag","embeddable":true,"href":"https:\/\/migracao.redenoticia.com.br\/noticia\/wp-json\/wp\/v2\/tags?post=9051"}],"curies":[{"name":"wp","href":"https:\/\/api.w.org\/{rel}","templated":true}]}}