{"id":9056,"date":"2009-08-18T23:16:14","date_gmt":"2009-08-19T03:16:14","guid":{"rendered":"http:\/\/www.redenoticia.com.br\/noticia\/?p=9056"},"modified":"2009-08-18T23:16:14","modified_gmt":"2009-08-19T03:16:14","slug":"associacao-brasileira-de-bares-e-restaurantes-entra-na-campanha-da-acessibilidade","status":"publish","type":"post","link":"https:\/\/migracao.redenoticia.com.br\/noticia\/2009\/associacao-brasileira-de-bares-e-restaurantes-entra-na-campanha-da-acessibilidade\/9056","title":{"rendered":"Associa\u00e7\u00e3o Brasileira de Bares e Restaurantes entra na campanha da Acessibilidade"},"content":{"rendered":"<p>A campanha nacional\u00a0<strong><em>Acessibilidade: siga essa ideia<\/em><\/strong> est\u00e1\u00a0chegando \u00e0s mesas e balc\u00f5es dos bares e restaurantes do Brasil. Isso porque a presidente do\u00a0Conselho Nacional dos Direitos da Pessoa Portadora de Defici\u00eancia (Conade), Denise Granja, o ministro\u00a0Paulo Vannuchi, da Secretaria Especial dos Direitos Humanos da Presid\u00eancia da Rep\u00fablica (SEDH), e o presidente da Abrasel, Paulo Solmucci Jr, assinam nesta quarta-feira (19), \u00e0s 19 horas, a ades\u00e3o da entidade empresarial \u00e0 campanha.<\/p>\n<p>O evento acontece na abertura do 21\u00ba Congresso Nacional da Associa\u00e7\u00e3o Brasileira de Bares e Restaurantes (Abrasel), no\u00a0Centro de\u00a0Conven\u00e7\u00f5es Ulysses Guimar\u00e3es, em Bras\u00edlia (Distrito Federal).<\/p>\n<p>A campanha, coordenada pelo Conade \u2013 \u00f3rg\u00e3o da estrutura b\u00e1sica da SEDH, foi lan\u00e7ada em 2005, durante a 1\u00aa Confer\u00eancia Nacional dos Direitos das Pessoas com Defici\u00eancia. Tem por objetivo sensibilizar e mobilizar a sociedade para a elimina\u00e7\u00e3o das barreiras de atitude, de informa\u00e7\u00e3o, arquitet\u00f4nicas, dentre outras, que impedem as pessoas com defici\u00eancia ou com mobilidade reduzida a participarem efetivamente da vida em sociedade. O objetivo \u00e9 favorecer a conscientiza\u00e7\u00e3o e estimular uma a\u00e7\u00e3o pr\u00f3-ativa para a constru\u00e7\u00e3o de uma sociedade inclusiva, solid\u00e1ria que possibilite igualdade de oportunidades.<\/p>\n<p>Segundo dados do Instituto Brasileiro de Geografia e Estat\u00edstica (IBGE), Censo 2000, no Brasil existem 24,6 milh\u00f5es de pessoas com algum tipo de defici\u00eancia ou incapacidade, o que representa 14,5% da popula\u00e7\u00e3o brasileira.<\/p>\n<p>De acordo com dados da Abrasel, o setor representa atualmente 2,4% do PIB brasileiro. Al\u00e9m disso, o h\u00e1bito da alimenta\u00e7\u00e3o fora de casa \u00e9 crescente no pa\u00eds e corresponde a 26% dos gastos dos brasileiros com alimentos. \u00c9 tamb\u00e9m um setor com enorme potencial na gera\u00e7\u00e3o de trabalho, principalmente no que se refere a oportunidades de primeiro emprego, absor\u00e7\u00e3o de m\u00e3o-de-obra n\u00e3o especializada (candidata permanente \u00e0 exclus\u00e3o), melhoria da qualifica\u00e7\u00e3o profissional e desenvolvimento de novas carreiras. A inclus\u00e3o de pessoas com defici\u00eancia no mercado de trabalho foi tema do encontro do presidente Lula com os presidentes das 300 maiores empresas do pa\u00eds, realizado em S\u00e3o Paulo em junho de 2008, e faz parte da Agenda Social do Governo Federal.<\/p>\n<p>A campanha da Acessibilidade est\u00e1 conquistando ades\u00f5es em todo o pa\u00eds.V\u00e1rias prefeituras, governos estaduais, clubes de futebol, personalidades p\u00fablicas como Pel\u00e9, Zico, Roberto Dinamite, entre outros j\u00e1 se engajaram.<\/p>\n<p><strong>Veja aqui a lista completa de ades\u00f5es\u00a0<a href=\"http:\/\/www.mj.gov.br\/sedh\/documentos\/ADESOES_CAMPANHA1.pdf\" target=\"_blank\">http:\/\/www.mj.gov.br\/sedh\/documentos\/ADESOES_CAMPANHA1.pdf<\/a><\/strong><\/p>\n<p><strong>Conade<\/strong><\/p>\n<p>O Conade \u00e9 \u00f3rg\u00e3o superior de delibera\u00e7\u00e3o colegiada criado para acompanhar e avaliar o desenvolvimento de uma pol\u00edtica nacional para inclus\u00e3o da pessoa com defici\u00eancia e das pol\u00edticas setoriais de educa\u00e7\u00e3o, sa\u00fade, trabalho, assist\u00eancia social, transporte, cultura, turismo, desporto, lazer e pol\u00edtica urbana dirigidos a esse grupo social.<\/p>\n<p>O Conade foi criado para que essa popula\u00e7\u00e3o possa tomar parte do processo de defini\u00e7\u00e3o, planejamento e avalia\u00e7\u00e3o das pol\u00edticas destinadas \u00e0 pessoa com defici\u00eancia, por meio da articula\u00e7\u00e3o e di\u00e1logo com as demais inst\u00e2ncias de controle social e os gestores de administra\u00e7\u00e3o p\u00fablica direta e indireta.<\/p>\n<p>Veja alguns exemplos de quem aderiu \u00e0 campanha<\/p>\n<p><strong>Times de futebol<\/strong>: Vasco da Gama (RJ), Corinthians (SP), Botafogo (RJ),\u00a0 Santos (SP), Fluminense (RJ), Gr\u00eamio (RS),\u00a0 Internacional\u00a0(RS), Cruzeiro (MG), Atl\u00e9tico Mineiro (MG), Villa Nova (MG) e o Am\u00e9rica (MG).<\/p>\n<p><strong> Jogadores:<\/strong> Zico, Roberto Dinamite (presidente do Clube de Regatas Vasco da Gama), Jairzinho (ex-jogador da Copa de 70), Ronaldinho Ga\u00facho, Clodoaldo, Pepe, Zito, al\u00e9m das medalhistas ol\u00edmpicas do futebol feminino e os jogadores do elenco profissional do Santos.<\/p>\n<p><strong>Governos:<\/strong> do Distrito Federal, do Piau\u00ed, do Maranh\u00e3o, de Goi\u00e1s, de Alagoas, de Santa Catarina, Mato Grosso, Mato Grosso do Sul.<\/p>\n<p><strong>Entidades:<\/strong> Conselho Nacional da Juventude (Conjuve), Associa\u00e7\u00e3o Nacional do Minist\u00e9rio P\u00fablico de Defesa dos Direitos dos Idosos e Pessoas com Defici\u00eancia (Ampid), Confedera\u00e7\u00e3o Nacional do Com\u00e9rcio (CNC), Organiza\u00e7\u00e3o Nacional de Entidades de Deficientes F\u00edsicos (Onedef), Movimento de Reintegra\u00e7\u00e3o das Pessoas Atingidas pela Hansen\u00edase (Morhan), Avape, Fenavape, Ceal, Associa\u00e7\u00e3o de Pais, Amigos e Pessoas com Defici\u00eancia do Banco do Brasil (Apabb), Instituto Marista de Solidariedade, Uni\u00e3o Brasileira de Cegos (UBC), Cefet (BA).<\/p>\n<p>Tamb\u00e9m aderiram a campanha: o Supremo Tribunal Federal (STF), Minist\u00e9rio P\u00fablico Federal,\u00a0 Minist\u00e9rio P\u00fablico da Bahia, Editora Microlins Brasil Ltda, OAB \u2013 Seccional de Santos,\u00a0 revista Rea\u00e7\u00e3o \/ SP, Reatech &#8211; Feira Internacional de Tecnologias em Reabilita\u00e7\u00e3o, Inclus\u00e3o e Acessibilidade, Gr\u00eamio Recreativo Escola de Samba Beija Flor de Nil\u00f3polis e o vocalista Neguinho da Beija Flor, o professor Marcos Rolim, o ator Marcos Frota e a atriz Mareliz Rodrigues.<\/p>\n<p><strong>Ades\u00e3o da Associa\u00e7\u00e3o Brasileira de Bares e Restaurantes (Abrasel) l \u00e0 campanha Acessibilidade: siga essa id\u00e9ia<\/strong><\/p>\n<p><strong>Data:<\/strong> 19 de agosto de 2009 (quarta-feira)<\/p>\n<p><strong>Hor\u00e1rio:<\/strong> 19 horas<\/p>\n<p><strong>Local:<\/strong> Centro de Conven\u00e7\u00f5es Ulysses Guimar\u00e3es, Setor De Divulga\u00e7\u00e3o Cultural, Eixo Monumental, Bras\u00edlia \u2013 DF<\/p>\n","protected":false},"excerpt":{"rendered":"<p>A campanha nacional\u00a0Acessibilidade: siga essa ideia est\u00e1\u00a0chegando \u00e0s mesas e balc\u00f5es dos bares e restaurantes do Brasil. Isso porque a presidente do\u00a0Conselho Nacional dos Direitos da Pessoa Portadora de Defici\u00eancia (Conade), Denise Granja, o ministro\u00a0Paulo Vannuchi, da Secretaria Especial dos Direitos Humanos da Presid\u00eancia da Rep\u00fablica (SEDH), e o presidente da Abrasel, Paulo Solmucci Jr, [&hellip;]<\/p>\n","protected":false},"author":2,"featured_media":0,"comment_status":"open","ping_status":"open","sticky":false,"template":"","format":"standard","meta":{"tdm_status":"","tdm_grid_status":"","footnotes":""},"categories":[22],"tags":[],"class_list":{"0":"post-9056","1":"post","2":"type-post","3":"status-publish","4":"format-standard","6":"category-brasil"},"_links":{"self":[{"href":"https:\/\/migracao.redenoticia.com.br\/noticia\/wp-json\/wp\/v2\/posts\/9056","targetHints":{"allow":["GET"]}}],"collection":[{"href":"https:\/\/migracao.redenoticia.com.br\/noticia\/wp-json\/wp\/v2\/posts"}],"about":[{"href":"https:\/\/migracao.redenoticia.com.br\/noticia\/wp-json\/wp\/v2\/types\/post"}],"author":[{"embeddable":true,"href":"https:\/\/migracao.redenoticia.com.br\/noticia\/wp-json\/wp\/v2\/users\/2"}],"replies":[{"embeddable":true,"href":"https:\/\/migracao.redenoticia.com.br\/noticia\/wp-json\/wp\/v2\/comments?post=9056"}],"version-history":[{"count":0,"href":"https:\/\/migracao.redenoticia.com.br\/noticia\/wp-json\/wp\/v2\/posts\/9056\/revisions"}],"wp:attachment":[{"href":"https:\/\/migracao.redenoticia.com.br\/noticia\/wp-json\/wp\/v2\/media?parent=9056"}],"wp:term":[{"taxonomy":"category","embeddable":true,"href":"https:\/\/migracao.redenoticia.com.br\/noticia\/wp-json\/wp\/v2\/categories?post=9056"},{"taxonomy":"post_tag","embeddable":true,"href":"https:\/\/migracao.redenoticia.com.br\/noticia\/wp-json\/wp\/v2\/tags?post=9056"}],"curies":[{"name":"wp","href":"https:\/\/api.w.org\/{rel}","templated":true}]}}