{"id":9059,"date":"2009-08-18T23:18:08","date_gmt":"2009-08-19T03:18:08","guid":{"rendered":"http:\/\/www.redenoticia.com.br\/noticia\/?p=9059"},"modified":"2009-08-18T23:18:08","modified_gmt":"2009-08-19T03:18:08","slug":"catorze-bandas-se-apresentam-no-ccbnb-fortaleza-dentro-da-feira-da-musica","status":"publish","type":"post","link":"https:\/\/migracao.redenoticia.com.br\/noticia\/2009\/catorze-bandas-se-apresentam-no-ccbnb-fortaleza-dentro-da-feira-da-musica\/9059","title":{"rendered":"Catorze bandas se apresentam no CCBNB-Fortaleza dentro da Feira da M\u00fasica"},"content":{"rendered":"<p>Um elenco de 14 bandas oriundas de oito estados de tr\u00eas regi\u00f5es brasileiras se apresenta no programa Cultura Musical, a ser realizado pelo Centro Cultural Banco do Nordeste-Fortaleza, dentro da agenda de shows da Feira da M\u00fasica, no per\u00edodo de 20 a 22 deste m\u00eas (pr\u00f3xima quinta-feira at\u00e9 s\u00e1bado).<\/p>\n<p>A lista das bandas abrange os seguintes nomes: da regi\u00e3o Sul \u2013 M\u00fasicas Intermin\u00e1veis para Viagem (Rio Grande do Sul); do Sudeste \u2013 Fred Martins (Rio de Janeiro), e Tutu com Ovo (Esp\u00edrito Santo); e do Nordeste \u2013 Opanij\u00e9 (Bahia), Gunjah Reggae Band (Para\u00edba), Tricor (Rio Grande do Norte), Atomic Bomb Watcher, Marcos Maia Trio, Grupo de Flautas da Uece, Uro e Arsenal da Rima (Cear\u00e1), Eita Piula, Batuque El\u00e9trico e Validuat\u00e9 (Piau\u00ed).<\/p>\n<p>Gratuita ao p\u00fablico, a s\u00e9rie de espet\u00e1culos musicais acontecer\u00e1 no cineteatro do CCBNB-Fortaleza (rua Floriano Peixoto, 941 \u2013 2\u00ba andar \u2013 Centro \u2013 fone: (85) 3464.3108), de 12h \u00e0s 14h e de 17h \u00e0s 20h (quinta e sexta-feira, 20 e 21) e de 17h \u00e0s 20h (no s\u00e1bado, 22).<\/p>\n<p><strong>Cultura Musical na Feira da M\u00fasica<\/strong><\/p>\n<p>O programa Cultura Musical deste m\u00eas de agosto \u00e9 dedicado \u00e0 Feira da M\u00fasica, que em sua oitava edi\u00e7\u00e3o, como nas anteriores, promove um grande interc\u00e2mbio de experi\u00eancias sonoras.<\/p>\n<p>Al\u00e9m da difus\u00e3o da m\u00fasica independente de qualidade no Pa\u00eds, a Feira contribui para a democratiza\u00e7\u00e3o de informa\u00e7\u00f5es no setor, atrav\u00e9s de palestras, pain\u00e9is e oficinas, e para incrementar neg\u00f3cios atrav\u00e9s do Pavilh\u00e3o da Feira, com exposi\u00e7\u00e3o de equipamentos, instrumentos e novas tecnologias.<\/p>\n<p>Em parceria com a Feira da M\u00fasica, o Centro Cultural Banco do Nordeste-Fortaleza disponibiliza seu palco para as apresenta\u00e7\u00f5es dessas 14 bandas oriundas de oito estados de tr\u00eas regi\u00f5es brasileiras.<\/p>\n<p>No estande do Banco do Nordeste e do CCBNB a ser instalado no Pavilh\u00e3o da Feira, ser\u00e3o disponibilizados, aos artistas, produtores e gestores culturais, formul\u00e1rios de inscri\u00e7\u00e3o e o edital da programa\u00e7\u00e3o dos Centros Culturais Banco do Nordeste (Fortaleza e Cariri, no Cear\u00e1; e Sousa, na Para\u00edba) em 2010, cujo per\u00edodo de inscri\u00e7\u00e3o prossegue at\u00e9 o pr\u00f3ximo dia 18 de setembro.<\/p>\n<p align=\"center\"><strong>Programa\u00e7\u00e3o do\u00a0<em>Cultura Musical<\/em> na Feira da M\u00fasica<\/strong><\/p>\n<p><strong> <\/strong><\/p>\n<p><strong>20\/08 \u2013 quinta-feira<\/strong><\/p>\n<p><strong> <\/strong><\/p>\n<p><strong>12h &#8211; Eita Piula (PI)<\/strong><\/p>\n<p>Formado em 2001, o grupo busca promover a cultura piauiense, apresentam-se com composi\u00e7\u00f5es singulares, bem estruturadas, arranjos sintonizados, voz e percuss\u00f5es peculiares, aliando o tradicional ao contempor\u00e2neo, em busca de novas sonoridades.<\/p>\n<p><strong>Contato: <\/strong>(86) 3235-1616 \/ (86) 9933-3868<\/p>\n<p><strong>e-mail: <\/strong><a href=\"mailto:joseluiztorres@hotmail.com\" target=\"_blank\">joseluiztorres@hotmail.com<\/a><\/p>\n<p><strong> <\/strong><\/p>\n<p><strong>13h &#8211; Atomic Bomb Watcher (CE)<\/strong><\/p>\n<p>Formado em 2003, atua sempre como um trio. A inspira\u00e7\u00e3o inicial das m\u00fasicas foi o grunge e o rock alternativo, com influ\u00eancias de Pearl Jam, Sound Garden, Radiohead e Pink Floyd. A banda gravou tr\u00eas CDs demonstrativos em Fortaleza.<\/p>\n<p><strong>Contato: <\/strong>(85) 3081-6084 \/ (85) 9114-6161<\/p>\n<p><strong>e-mail: <\/strong><a href=\"mailto:leontelles@hotmail.com\" target=\"_blank\">leontelles@hotmail.com<\/a><\/p>\n<p><strong> <\/strong><\/p>\n<p><strong>17h &#8211; Marcos Maia Trio (CE)<\/strong><\/p>\n<p>M\u00fasico instrumentista, compositor e arranjador, licenciado em M\u00fasica pela Universidade Estadual do Cear\u00e1, onde, desde 1988, \u00e9 professor. O grupo \u00e9 formado por Marcos Maia no viol\u00e3o, e seus alunos Herlon Robson no acordeom e F\u00e1bio Amaral no baixo ac\u00fastico. A apresenta\u00e7\u00e3o do trio representa uma parceria do evento com a UECE.<\/p>\n<p><strong>Contato<\/strong>: (85) 8887-0177 \/ 3262-3240<\/p>\n<p><strong>e-mail<\/strong>:\u00a0<a href=\"mailto:marcosmaia@uece.br\" target=\"_blank\">marcosmaia@uece.br<\/a><\/p>\n<p><strong> <\/strong><\/p>\n<p><strong>18h &#8211; M\u00fasicas Intermin\u00e1veis para Viagem (RS)<\/strong><\/p>\n<p>Um rock instrumental que vai do lounge \u00e0 distor\u00e7\u00e3o, experimentando diferentes sonoridades e ritmos (do jazz ao eletr\u00f4nico).\u00a0 A banda estreou em 2004, e lan\u00e7ou o primeiro CD em 2006. Participa de festivais, fez turn\u00ea na Europa em 2008, tem m\u00fasicas rodando em r\u00e1dios e em trilhas para TV e cinema.<\/p>\n<p><strong>Contato: <\/strong>(51) 3239-9591 \/ (51) 9298-9591<\/p>\n<p><strong>e-mail: <\/strong><a href=\"mailto:lauraleiner@hotmail.com\" target=\"_blank\">lauraleiner@hotmail.com<\/a> \/\u00a0<a href=\"mailto:musicasinterminaveis@yahoo.com.br\" target=\"_blank\">musicasinterminaveis@yahoo.com.br<\/a><\/p>\n<p><strong> <\/strong><\/p>\n<p><strong>19h &#8211; Gunjah Reggae Band (PB)<\/strong><\/p>\n<p>Formada em 2002, a banda GunJah mergulha o reggae-raiz no azeite do reggae contempor\u00e2neo e adiciona uma pitadinha de sotaque nordestino. O CD da banda tem arranjos bem feitos e faixas gravadas com zelo.\u00a0 Um disco a ser ouvido com aten\u00e7\u00e3o.<\/p>\n<p><strong>Contato: <\/strong>(83) 3252-1164 \/ (83) 8808-7360<\/p>\n<p><strong>e-mail: <\/strong><a href=\"mailto:contato@gunjah.com.br\" target=\"_blank\">contato@gunjah.com.br \/ jrts.reinaldo@hotmail.com<\/a><\/p>\n<p><strong> <\/strong><\/p>\n<p><strong>21\/08 \u2013 sexta-feira<\/strong><\/p>\n<p><strong> <\/strong><\/p>\n<p><strong>12h &#8211; Tutu com Ovo (ES)<\/strong><\/p>\n<p>A banda Tutu com Ovo \u00e9 a representante do Hard Core capixaba na edi\u00e7\u00e3o de 2009 na Feira de M\u00fasica,\u00a0em Fortaleza. Com\u00a0nove anos de estrada, tem evolu\u00eddo seu Hard Core, produzindo um som aut\u00eantico com guitarras agressivas e um vocal explosivo. Hoje, a TCO lan\u00e7a para o Brasil, atrav\u00e9s da Feira da M\u00fasica 2009, seu primeiro \u00e1lbum,\u00a0<em>\u201cUnidos por Hard Core\u201d.<\/em><\/p>\n<p><strong>Contato: <\/strong>(27) 3322-5538 \/ (27) 8138-9230<\/p>\n<p><strong>e-mail: <\/strong><a href=\"mailto:wagnertrarbach@hotmail.com\" target=\"_blank\">wagnertrarbach@hotmail.com<\/a><\/p>\n<p><strong> <\/strong><\/p>\n<p><strong>13h &#8211; Grupo de Flautas da UFC (CE)<\/strong><\/p>\n<p>A base da forma\u00e7\u00e3o instrumental do grupo \u00e9 a fam\u00edlia das flautas doces, sendo refor\u00e7ada por duas flautas transversas, dois viol\u00f5es e duas percuss\u00f5es. Tem enfocado ultimamente a m\u00fasica brasileira, em especial, as composi\u00e7\u00f5es de Tom Jobim e Chico Buarque.\u00a0<strong>Contato: <\/strong>(85) 9909-5999<\/p>\n<p><strong> <\/strong><\/p>\n<p><strong>17h &#8211; URO (CE)<\/strong><\/p>\n<p>URO \u00e9 Uir\u00e1 dos Reis (poeta e compositor), e existe desde 2000. Com v\u00e1rias apresenta\u00e7\u00f5es no curr\u00edculo, sempre misturando linguagens, URO alia sua poesia \u00e0 m\u00fasica eletr\u00f4nica e vocaliza\u00e7\u00f5es e prefere apresentar-se em lugares escuros. \u00c0s vezes se utiliza de proje\u00e7\u00f5es. Tem alguns discos lan\u00e7ados de modo independente.<\/p>\n<p><strong>Contato: <\/strong>(85) 3276-5369<\/p>\n<p><strong>e-mail: <\/strong><a href=\"mailto:srhiena@hotmail.com\" target=\"_blank\">srhiena@hotmail.com<\/a><\/p>\n<p><strong> <\/strong><\/p>\n<p><strong>18h &#8211; Batuque El\u00e9trico (PI)<\/strong><\/p>\n<p>Formada em 2001, resgata e inova sonoridades, baseada principalmente na for\u00e7a do funk e do samba-rock, fusionados com a bossa nova, o maracatu, o soul, o bai\u00e3o e o reggae. Entoadas pela ginga das batucadas percussivas e letras-poesias marcantes, as m\u00fasicas do Batuque El\u00e9trico dan\u00e7am e convidam a dan\u00e7ar.<\/p>\n<p><strong>Contato: <\/strong>(86) 3213-2918 \/ (86) 8852-1813<\/p>\n<p><strong>e-mail: <\/strong><a href=\"mailto:ricardototte@hotmail.com\" target=\"_blank\">ricardototte@hotmail.com<\/a><\/p>\n<p><strong> <\/strong><\/p>\n<p><strong>19h &#8211; Fred Martins (RJ)<\/strong><\/p>\n<p>Fred Martins \u00e9 apontado pela cr\u00edtica especializada com um dos mais representativos artistas de sua gera\u00e7\u00e3o. Vencedor do \u00faltimo Pr\u00eamio Visa \u2013 Compositores por unanimidade de j\u00fari e voto popular, Fred tem quatro CDs lan\u00e7ados e v\u00e1rias de suas can\u00e7\u00f5es gravadas por grandes nomes de nossa m\u00fasica como Ney Matogrosso, Maria Rita e Z\u00e9lia Duncan, entre outros.<\/p>\n<p><strong>Contato: <\/strong>(85) 3267-8061 \/ (85) 9117-2716\/ 9961-6069<\/p>\n<p><strong>e-mail: <\/strong><a href=\"mailto:lyanagarcia@fortalenet.com.br\" target=\"_blank\">lyanagarcia@fortalnet.com.br<\/a><\/p>\n<p><strong>22\/08 \u2013 s\u00e1bado<\/strong><\/p>\n<p><strong> <\/strong><\/p>\n<p><strong>16h &#8211; Validuat\u00e9 (PI)<\/strong><\/p>\n<p>Seu segundo trabalho, o disco Alegria Girar (selo Bumba Records) \u00e9 recheado de boas refer\u00eancias da cultura nacional e grandes participa\u00e7\u00f5es como Lirinha (Cordel do Fogo Encantado), o cantor e ator Z\u00e9u Britto e o grande ator\/dublador Isaac Bardavid. Um trabalho leve e consistente, cheio de inventividade e pujan\u00e7a.<\/p>\n<p><strong>Contato: <\/strong>(86) 9411.1262<\/p>\n<p><strong>e-mail: <\/strong><a href=\"mailto:zecomz2@yahoo.com.br\" target=\"_blank\">zecomz2@yahoo.com.br<\/a><\/p>\n<p><strong> <\/strong><\/p>\n<p><strong>17h &#8211; Arsenal da Rima (CE)<\/strong><\/p>\n<p>O grupo cearense e vem conquistando seu espa\u00e7o na cena nacional, desenvolvendo um trabalho autoral e independente que traz aos palcos uma espetacular performance com batidas eletr\u00f4nicas e viol\u00e3o. Suas produ\u00e7\u00f5es resgatam a ess\u00eancia po\u00e9tica da m\u00fasica popular brasileira unindo sempre a satisfa\u00e7\u00e3o sonora ao impacto visual.<\/p>\n<p><strong>Contato: <\/strong>(85) 3265-1630 \/ (85) 8748-6952<\/p>\n<p><strong>e-mail: <\/strong><a href=\"mailto:feliperima_@hotmail.com\" target=\"_blank\">feliperima_@hotmail.com<\/a><\/p>\n<p><strong> <\/strong><\/p>\n<p><strong>18h &#8211; Tricor (RN)<\/strong><\/p>\n<p>Focado em um duo de vozes e guitarras distorcidas, a banda de pop rock \u00e9 comandada por duas mulheres nos vocais. Conquistou um espa\u00e7o consider\u00e1vel no cen\u00e1rio musical potiguar, assim como um p\u00fablico cativo. Ap\u00f3s o lan\u00e7amento do seu primeiro CD em 2008, o p\u00fablico da banda marca ainda mais presen\u00e7a em seus shows, para ouvir e cantar junto as suas can\u00e7\u00f5es.<\/p>\n<p><strong>Contato: <\/strong>(84) 3217-9495 \/ (84) 8851-1040<\/p>\n<p><strong>e-mail: <\/strong><a href=\"mailto:ferada@hotmail.com\" target=\"_blank\">ferada@hotmail.com<\/a><\/p>\n<p><strong> <\/strong><\/p>\n<p><strong>19h &#8211; Opanij\u00e9 (BA)<\/strong><\/p>\n<p>O grupo de RAP OPANIJ\u00c9 \u2013 Organiza\u00e7\u00e3o Popular Africana Negros Invertendo o Jogo Excludente surgiu no final de 2005, com a proposta de fazer um estilo pr\u00f3prio de RAP com letras autorais que exaltam a cultura negra e a ancestralidade africana. O grupo une o que existe de mais tradicional na cultura afro-baiana com o que h\u00e1 de mais moderno na tend\u00eancia musical contempor\u00e2nea, como samplers e efeitos\/batidas eletr\u00f4nicas.<\/p>\n<p><strong>Contato: <\/strong>(71) 3331-4351 \/ (71) 9136-8224<\/p>\n<p><strong>e-mail: <\/strong><a href=\"mailto:contato@cadamacaco.com.br\" target=\"_blank\">contato@cadamacaco.com.br<\/a> \/\u00a0<a href=\"mailto:sora@cadamacaco.com.br\" target=\"_blank\">sora@cadamacaco.com.br<\/a><\/p>\n","protected":false},"excerpt":{"rendered":"<p>Um elenco de 14 bandas oriundas de oito estados de tr\u00eas regi\u00f5es brasileiras se apresenta no programa Cultura Musical, a ser realizado pelo Centro Cultural Banco do Nordeste-Fortaleza, dentro da agenda de shows da Feira da M\u00fasica, no per\u00edodo de 20 a 22 deste m\u00eas (pr\u00f3xima quinta-feira at\u00e9 s\u00e1bado). A lista das bandas abrange os [&hellip;]<\/p>\n","protected":false},"author":2,"featured_media":0,"comment_status":"open","ping_status":"open","sticky":false,"template":"","format":"standard","meta":{"tdm_status":"","tdm_grid_status":"","footnotes":""},"categories":[22],"tags":[],"class_list":{"0":"post-9059","1":"post","2":"type-post","3":"status-publish","4":"format-standard","6":"category-brasil"},"_links":{"self":[{"href":"https:\/\/migracao.redenoticia.com.br\/noticia\/wp-json\/wp\/v2\/posts\/9059","targetHints":{"allow":["GET"]}}],"collection":[{"href":"https:\/\/migracao.redenoticia.com.br\/noticia\/wp-json\/wp\/v2\/posts"}],"about":[{"href":"https:\/\/migracao.redenoticia.com.br\/noticia\/wp-json\/wp\/v2\/types\/post"}],"author":[{"embeddable":true,"href":"https:\/\/migracao.redenoticia.com.br\/noticia\/wp-json\/wp\/v2\/users\/2"}],"replies":[{"embeddable":true,"href":"https:\/\/migracao.redenoticia.com.br\/noticia\/wp-json\/wp\/v2\/comments?post=9059"}],"version-history":[{"count":0,"href":"https:\/\/migracao.redenoticia.com.br\/noticia\/wp-json\/wp\/v2\/posts\/9059\/revisions"}],"wp:attachment":[{"href":"https:\/\/migracao.redenoticia.com.br\/noticia\/wp-json\/wp\/v2\/media?parent=9059"}],"wp:term":[{"taxonomy":"category","embeddable":true,"href":"https:\/\/migracao.redenoticia.com.br\/noticia\/wp-json\/wp\/v2\/categories?post=9059"},{"taxonomy":"post_tag","embeddable":true,"href":"https:\/\/migracao.redenoticia.com.br\/noticia\/wp-json\/wp\/v2\/tags?post=9059"}],"curies":[{"name":"wp","href":"https:\/\/api.w.org\/{rel}","templated":true}]}}