{"id":9061,"date":"2009-08-18T23:19:43","date_gmt":"2009-08-19T03:19:43","guid":{"rendered":"http:\/\/www.redenoticia.com.br\/noticia\/?p=9061"},"modified":"2009-08-18T23:19:43","modified_gmt":"2009-08-19T03:19:43","slug":"confira-os-periodos-de-inscricoes-do-pas-da-universidade-de-brasilia","status":"publish","type":"post","link":"https:\/\/migracao.redenoticia.com.br\/noticia\/2009\/confira-os-periodos-de-inscricoes-do-pas-da-universidade-de-brasilia\/9061","title":{"rendered":"Confira os per\u00edodos de inscri\u00e7\u00f5es do PAS da Universidade de Brasilia"},"content":{"rendered":"<p>Os estudantes das tr\u00eas etapas do Programa de Avalia\u00e7\u00e3o Seriada (PAS) da Universidade de Bras\u00edlia (UnB) devem ficar atentos. Os alunos de 1\u00ba e 2\u00ba ano do ensino m\u00e9dio j\u00e1 podem fazer a inscri\u00e7\u00e3o para, respectivamente, a primeira etapa do Subprograma 2009 e a segunda etapa do Subprograma 2008 da sele\u00e7\u00e3o. As inscri\u00e7\u00f5es devem ser feitas exclusivamente pela internet, no endere\u00e7o eletr\u00f4nico\u00a0<strong><a href=\"http:\/\/www.cespe.unb.br\/pas\" target=\"_blank\">www.cespe.unb.br\/pas<\/a><\/strong>.<\/p>\n<p>O prazo para confirmar a participa\u00e7\u00e3o nestas etapas se encerra em 2 de setembro. Para quem n\u00e3o tiver acesso a um computador, a UnB vai disponibilizar m\u00e1quinas na Asa Norte, na Ceil\u00e2ndia, no Gama e em Planaltina. A taxa de inscri\u00e7\u00e3o \u00e9 a mesma para as duas primeiras etapas: R$ 45,00. Vale lembrar que \u00e9 imprescind\u00edvel possuir n\u00famero de CPF para participar.<\/p>\n<p>J\u00e1 os candidatos \u00e0 3\u00aa etapa do PAS neste ano, relativa ao Subprograma 2007, poder\u00e3o fazer inscri\u00e7\u00e3o entre 8 de setembro e 8 de outubro, com taxa de R$ 60,00. O n\u00famero de vagas e as op\u00e7\u00f5es de gradua\u00e7\u00e3o devem ser divulgados no dia 1\u00ba de setembro, tamb\u00e9m pelo\u00a0<em>site<\/em> <strong><a href=\"http:\/\/www.cespe.unb.br\/pas\" target=\"_blank\">www.cespe.unb.br\/pas<\/a><\/strong>. Para os candidatos sem acesso a um computador, a UnB disponibilizar\u00e1 m\u00e1quinas no campus do Plano Piloto, em Ceil\u00e2ndia, no Gama e em Planaltina.<\/p>\n<p>Para aqueles que precisam de atendimento especial no dia da prova, o pedido dever\u00e1 ser feito at\u00e9, no m\u00e1ximo, 20 de outubro, para 1\u00aa e 2\u00aa etapas. Para a 3\u00aa etapa, o prazo m\u00e1ximo \u00e9 30 de outubro. A solicita\u00e7\u00e3o deve ser encaminhada para a Central de Atendimento do Cespe\/UnB por Sedex ou por carta registrada, conforme especificado em edital. Al\u00e9m disso, \u00e9 poss\u00edvel solicitar o atendimento pessoalmente ou por meio de terceiros, na Central, entre 8h e 19h, de segunda a sexta-feira.<\/p>\n<p><strong>PROVAS<\/strong> \u2013 As provas para os estudantes da primeira etapa do Subprograma 2009 est\u00e3o previstas para o dia 5 de dezembro, \u00e0s 13h. Os locais de prova dever\u00e3o ser divulgados no\u00a0<em>site<\/em> do Cespe\/UnB, na data prov\u00e1vel de 19 de novembro. J\u00e1 para a segunda etapa e a terceira etapa, o dia da prova ser\u00e1 6 de dezembro, enquanto os locais de prova devem sair, respectivamente, em 19 e 25 de novembro.<\/p>\n<p><strong> <\/strong><\/p>\n<p><strong>CONTATO<\/strong><\/p>\n<p>Outras informa\u00e7\u00f5es no\u00a0<em>site<\/em><em> <\/em><strong><a href=\"http:\/\/tr2.virtualtarget.com.br\/index.dma\/DmaClick?1194,7303,18381,30682,9863d115317a47208da378e4764861fd,aHR0cDovL3d3dy5jZXNwZS51bmIuYnIvcGFz,2\" target=\"_blank\">www.cespe.unb.br\/pas<\/a><\/strong> ou na Central de Atendimento do Cespe\/UnB, de segunda a sexta, das 9h \u00e0s 19h \u2013 Universidade de Bras\u00edlia (UnB) \u2013\u00a0<em>Campus<\/em> Universit\u00e1rio Darcy Ribeiro, Sede do CESPE\/UnB \u2013 telefone (61) 3448-0100.<\/p>\n","protected":false},"excerpt":{"rendered":"<p>Os estudantes das tr\u00eas etapas do Programa de Avalia\u00e7\u00e3o Seriada (PAS) da Universidade de Bras\u00edlia (UnB) devem ficar atentos. Os alunos de 1\u00ba e 2\u00ba ano do ensino m\u00e9dio j\u00e1 podem fazer a inscri\u00e7\u00e3o para, respectivamente, a primeira etapa do Subprograma 2009 e a segunda etapa do Subprograma 2008 da sele\u00e7\u00e3o. As inscri\u00e7\u00f5es devem ser [&hellip;]<\/p>\n","protected":false},"author":2,"featured_media":0,"comment_status":"open","ping_status":"open","sticky":false,"template":"","format":"standard","meta":{"tdm_status":"","tdm_grid_status":"","footnotes":""},"categories":[22],"tags":[],"class_list":{"0":"post-9061","1":"post","2":"type-post","3":"status-publish","4":"format-standard","6":"category-brasil"},"_links":{"self":[{"href":"https:\/\/migracao.redenoticia.com.br\/noticia\/wp-json\/wp\/v2\/posts\/9061","targetHints":{"allow":["GET"]}}],"collection":[{"href":"https:\/\/migracao.redenoticia.com.br\/noticia\/wp-json\/wp\/v2\/posts"}],"about":[{"href":"https:\/\/migracao.redenoticia.com.br\/noticia\/wp-json\/wp\/v2\/types\/post"}],"author":[{"embeddable":true,"href":"https:\/\/migracao.redenoticia.com.br\/noticia\/wp-json\/wp\/v2\/users\/2"}],"replies":[{"embeddable":true,"href":"https:\/\/migracao.redenoticia.com.br\/noticia\/wp-json\/wp\/v2\/comments?post=9061"}],"version-history":[{"count":0,"href":"https:\/\/migracao.redenoticia.com.br\/noticia\/wp-json\/wp\/v2\/posts\/9061\/revisions"}],"wp:attachment":[{"href":"https:\/\/migracao.redenoticia.com.br\/noticia\/wp-json\/wp\/v2\/media?parent=9061"}],"wp:term":[{"taxonomy":"category","embeddable":true,"href":"https:\/\/migracao.redenoticia.com.br\/noticia\/wp-json\/wp\/v2\/categories?post=9061"},{"taxonomy":"post_tag","embeddable":true,"href":"https:\/\/migracao.redenoticia.com.br\/noticia\/wp-json\/wp\/v2\/tags?post=9061"}],"curies":[{"name":"wp","href":"https:\/\/api.w.org\/{rel}","templated":true}]}}