{"id":90618,"date":"2016-07-18T21:30:48","date_gmt":"2016-07-19T00:30:48","guid":{"rendered":"http:\/\/www.redenoticia.com.br\/noticia\/?p=90618"},"modified":"2016-07-18T19:20:17","modified_gmt":"2016-07-18T22:20:17","slug":"novela-liberdade-liberdade-resumo-1907-mimi-foge-da-fazenda-de-branca","status":"publish","type":"post","link":"https:\/\/migracao.redenoticia.com.br\/noticia\/2016\/novela-liberdade-liberdade-resumo-1907-mimi-foge-da-fazenda-de-branca\/90618","title":{"rendered":"Novela \u201cLiberdade, Liberdade\u201d resumo 19\/07: Mimi foge da fazenda de Branca"},"content":{"rendered":"<p><img loading=\"lazy\" decoding=\"async\" class=\"alignleft size-thumbnail wp-image-84052\" src=\"https:\/\/migracao.redenoticia.com.br\/noticia\/imagens\/novela_liberdade_globo_resumo-150x112.jpg\" alt=\"novela_liberdade_globo_resumo\" width=\"150\" height=\"112\" srcset=\"https:\/\/migracao.redenoticia.com.br\/noticia\/imagens\/novela_liberdade_globo_resumo-150x112.jpg 150w, https:\/\/migracao.redenoticia.com.br\/noticia\/imagens\/novela_liberdade_globo_resumo-265x198.jpg 265w\" sizes=\"auto, (max-width: 150px) 100vw, 150px\" \/><strong><em>Novela \u201cLiberdade, Liberdade\u201d resumo 19\/07:<\/em><\/strong> Branca e Luzia v\u00e3o visitar\u00a0Mimi na fazenda de\u00a0Diogo e, ao chegarem, perguntam \u00e0 jovem se est\u00e1 sendo bem tratada. Feliz, ela responde que sim. Neste momento, Mimi tem um enjoo s\u00fabito e pede licen\u00e7a \u00e0s duas. Quando se sente melhor, ela se aproxima do local onde est\u00e3o Branca e Luzia, mas p\u00e1ra atr\u00e1s de uma porta quando percebe sobre o que elas conversam. Ela ouve Branca dizer que n\u00e3o v\u00ea a hora do beb\u00ea nascer e dar o fim nela de uma vez. Assombrada, Mimi fica sem rea\u00e7\u00e3o e ainda ouve a jovem dizer que ningu\u00e9m vai suspeitar que ela perdeu o beb\u00ea e que Mimi vai levar esse segredo para o t\u00famulo. Mais tarde, Mimi foge da fazenda de Branca. Depois, ela \u00e9 resgatada por M\u00e3o de Luva, Sim\u00e3o e Ascens\u00e3o, que repreendem Branca. <\/p>\n<p>No cap\u00edtulo 058 (*), novela \u201cLiberdade, Liberdade\u201d, ter\u00e7a-feira, 19 de julho \u2013 Rubi\u00e3o e Ega se enfrentam. Ega orienta Guilhermo a procurar a testemunha do caso de Andr\u00e9. Bertoleza se vinga de Gaspar. Mimi foge da fazenda de Branca.<\/p>\n<p>Rubi\u00e3o vai ao encontro de Gaspar na pris\u00e3o. Xavier afirma a Virg\u00ednia que n\u00e3o acredita na suposta mudan\u00e7a de Rubi\u00e3o. Alexandra aconselha Ega a fazer de Rubi\u00e3o um aliado. Rubi\u00e3o conquista o apoio de Dion\u00edsia para casar-se com Joaquina\/Rosa.<\/p>\n<p>Anita provoca Rubi\u00e3o. M\u00e3o de Luva, Sim\u00e3o e Ascens\u00e3o resgatam Mimi e repreendem Branca. Joaquina\/Rosa aceita casar-se com Rubi\u00e3o.<\/p>\n<p>(*) edi\u00e7\u00e3o da Rede Globo, Novela \u201cLiberdade, Liberdade\u201d, sujeito a altera\u00e7\u00e3o de data e conte\u00fado.<\/p>\n","protected":false},"excerpt":{"rendered":"<p>Novela \u201cLiberdade, Liberdade\u201d resumo 19\/07: Branca e Luzia v\u00e3o visitar\u00a0Mimi na fazenda de\u00a0Diogo e, ao chegarem, perguntam \u00e0 jovem se est\u00e1 sendo bem tratada. Feliz, ela responde que sim. Neste momento, Mimi tem um enjoo s\u00fabito e pede licen\u00e7a \u00e0s duas. Quando se sente melhor, ela se aproxima do local onde est\u00e3o Branca e Luzia, [&hellip;]<\/p>\n","protected":false},"author":4,"featured_media":84052,"comment_status":"open","ping_status":"closed","sticky":false,"template":"","format":"standard","meta":{"tdm_status":"","tdm_grid_status":"","footnotes":""},"categories":[379,375,343],"tags":[441],"class_list":{"0":"post-90618","1":"post","2":"type-post","3":"status-publish","4":"format-standard","5":"has-post-thumbnail","7":"category-novelas","8":"category-rede-globo","9":"category-televisao","10":"tag-resumo-do-dia"},"_links":{"self":[{"href":"https:\/\/migracao.redenoticia.com.br\/noticia\/wp-json\/wp\/v2\/posts\/90618","targetHints":{"allow":["GET"]}}],"collection":[{"href":"https:\/\/migracao.redenoticia.com.br\/noticia\/wp-json\/wp\/v2\/posts"}],"about":[{"href":"https:\/\/migracao.redenoticia.com.br\/noticia\/wp-json\/wp\/v2\/types\/post"}],"author":[{"embeddable":true,"href":"https:\/\/migracao.redenoticia.com.br\/noticia\/wp-json\/wp\/v2\/users\/4"}],"replies":[{"embeddable":true,"href":"https:\/\/migracao.redenoticia.com.br\/noticia\/wp-json\/wp\/v2\/comments?post=90618"}],"version-history":[{"count":0,"href":"https:\/\/migracao.redenoticia.com.br\/noticia\/wp-json\/wp\/v2\/posts\/90618\/revisions"}],"wp:featuredmedia":[{"embeddable":true,"href":"https:\/\/migracao.redenoticia.com.br\/noticia\/wp-json\/wp\/v2\/media\/84052"}],"wp:attachment":[{"href":"https:\/\/migracao.redenoticia.com.br\/noticia\/wp-json\/wp\/v2\/media?parent=90618"}],"wp:term":[{"taxonomy":"category","embeddable":true,"href":"https:\/\/migracao.redenoticia.com.br\/noticia\/wp-json\/wp\/v2\/categories?post=90618"},{"taxonomy":"post_tag","embeddable":true,"href":"https:\/\/migracao.redenoticia.com.br\/noticia\/wp-json\/wp\/v2\/tags?post=90618"}],"curies":[{"name":"wp","href":"https:\/\/api.w.org\/{rel}","templated":true}]}}