{"id":90621,"date":"2016-07-18T21:00:43","date_gmt":"2016-07-19T00:00:43","guid":{"rendered":"http:\/\/www.redenoticia.com.br\/noticia\/?p=90621"},"modified":"2016-07-18T19:15:02","modified_gmt":"2016-07-18T22:15:02","slug":"novela-velho-chico-resumo-1907-encarnacao-pede-que-martim-assuma-o-controle-de-metade-da-fazenda","status":"publish","type":"post","link":"https:\/\/migracao.redenoticia.com.br\/noticia\/2016\/novela-velho-chico-resumo-1907-encarnacao-pede-que-martim-assuma-o-controle-de-metade-da-fazenda\/90621","title":{"rendered":"Novela \u201cVelho Chico\u201d resumo 19\/07: Encarna\u00e7\u00e3o chama Martim para uma conversa"},"content":{"rendered":"<p><img loading=\"lazy\" decoding=\"async\" class=\"alignleft size-thumbnail wp-image-82169\" src=\"https:\/\/migracao.redenoticia.com.br\/noticia\/imagens\/velho_chico_novela_resumo_globo-150x112.jpg\" alt=\"velho_chico_novela_resumo_globo\" width=\"150\" height=\"112\" srcset=\"https:\/\/migracao.redenoticia.com.br\/noticia\/imagens\/velho_chico_novela_resumo_globo-150x112.jpg 150w, https:\/\/migracao.redenoticia.com.br\/noticia\/imagens\/velho_chico_novela_resumo_globo-265x198.jpg 265w\" sizes=\"auto, (max-width: 150px) 100vw, 150px\" \/><strong><em>Novela \u201cVelho Chico\u201d resumo 19\/07<\/em><\/strong>:\u00a0Bento fala com Martin no bar de Chico Criatura e o filho do Saru\u00ea afirma que est\u00e1 do lado do vereador, a favor do povo, para acabar com o reinado do Coronel. Ele at\u00e9 conta que saiu de casa justamente por conta das mortes de capit\u00e3o Ernesto Rosa e Belmiro. Depois os dois contam a Chico Criatura sobre o projeto de Z\u00e9 Pirangueiro. Mais tarde, Padre Ben\u00edcio avisa a Martim que Encarna\u00e7\u00e3o deseja falar com o neto. Ao chegar a fazenda, Encarna\u00e7\u00e3o pede que Martim assuma o controle de metade da fazenda.<\/p>\n<p>No cap\u00edtulo 110(*), novela \u201cVelho Chico\u201d, ter\u00e7a-feira, 19 de julho \u2013 Martim e Bento contam a Chico Criatura sobre o projeto de Z\u00e9 Pirangueiro. Padre Ben\u00edcio avisa a Martim que Encarna\u00e7\u00e3o deseja falar com o neto.<\/p>\n<p>Encarna\u00e7\u00e3o e Iolanda se re\u00fanem com um advogado. Encarna\u00e7\u00e3o pede que Martim assuma o controle de metade da fazenda. Miguel se recusa a falar com Tereza e Santo a conforta.<\/p>\n<p>Lucas se incomoda com a cumplicidade entre Ol\u00edvia e Miguel. Miguel aceita conversar com Tereza. Luzia v\u00ea quando Santo vai ao encontro de Tereza e Miguel.<\/p>\n<p>(*) edi\u00e7\u00e3o da Rede Globo, Novela \u201cVelho Chico\u201d, sujeito a altera\u00e7\u00e3o de data e conte\u00fado.<\/p>\n","protected":false},"excerpt":{"rendered":"<p>Novela \u201cVelho Chico\u201d resumo 19\/07:\u00a0Bento fala com Martin no bar de Chico Criatura e o filho do Saru\u00ea afirma que est\u00e1 do lado do vereador, a favor do povo, para acabar com o reinado do Coronel. Ele at\u00e9 conta que saiu de casa justamente por conta das mortes de capit\u00e3o Ernesto Rosa e Belmiro. Depois [&hellip;]<\/p>\n","protected":false},"author":4,"featured_media":82169,"comment_status":"open","ping_status":"closed","sticky":false,"template":"","format":"standard","meta":{"tdm_status":"","tdm_grid_status":"","footnotes":""},"categories":[379,375,343],"tags":[441],"class_list":{"0":"post-90621","1":"post","2":"type-post","3":"status-publish","4":"format-standard","5":"has-post-thumbnail","7":"category-novelas","8":"category-rede-globo","9":"category-televisao","10":"tag-resumo-do-dia"},"_links":{"self":[{"href":"https:\/\/migracao.redenoticia.com.br\/noticia\/wp-json\/wp\/v2\/posts\/90621","targetHints":{"allow":["GET"]}}],"collection":[{"href":"https:\/\/migracao.redenoticia.com.br\/noticia\/wp-json\/wp\/v2\/posts"}],"about":[{"href":"https:\/\/migracao.redenoticia.com.br\/noticia\/wp-json\/wp\/v2\/types\/post"}],"author":[{"embeddable":true,"href":"https:\/\/migracao.redenoticia.com.br\/noticia\/wp-json\/wp\/v2\/users\/4"}],"replies":[{"embeddable":true,"href":"https:\/\/migracao.redenoticia.com.br\/noticia\/wp-json\/wp\/v2\/comments?post=90621"}],"version-history":[{"count":0,"href":"https:\/\/migracao.redenoticia.com.br\/noticia\/wp-json\/wp\/v2\/posts\/90621\/revisions"}],"wp:featuredmedia":[{"embeddable":true,"href":"https:\/\/migracao.redenoticia.com.br\/noticia\/wp-json\/wp\/v2\/media\/82169"}],"wp:attachment":[{"href":"https:\/\/migracao.redenoticia.com.br\/noticia\/wp-json\/wp\/v2\/media?parent=90621"}],"wp:term":[{"taxonomy":"category","embeddable":true,"href":"https:\/\/migracao.redenoticia.com.br\/noticia\/wp-json\/wp\/v2\/categories?post=90621"},{"taxonomy":"post_tag","embeddable":true,"href":"https:\/\/migracao.redenoticia.com.br\/noticia\/wp-json\/wp\/v2\/tags?post=90621"}],"curies":[{"name":"wp","href":"https:\/\/api.w.org\/{rel}","templated":true}]}}