{"id":9063,"date":"2009-08-18T23:21:37","date_gmt":"2009-08-19T03:21:37","guid":{"rendered":"http:\/\/www.redenoticia.com.br\/noticia\/?p=9063"},"modified":"2009-08-18T23:21:37","modified_gmt":"2009-08-19T03:21:37","slug":"educacao-uma-frente-estrategica-no-enfrentamento-a-nova-gripe-influenza-a-h1n1-em-ji-parana-rondonia","status":"publish","type":"post","link":"https:\/\/migracao.redenoticia.com.br\/noticia\/2009\/educacao-uma-frente-estrategica-no-enfrentamento-a-nova-gripe-influenza-a-h1n1-em-ji-parana-rondonia\/9063","title":{"rendered":"Educa\u00e7\u00e3o: uma frente estrat\u00e9gica no enfrentamento \u00e0 nova gripe Influenza A (H1N1) em ji-Paran\u00e1 &#8211; Rond\u00f4nia"},"content":{"rendered":"<p>A Secretaria Municipal de Sa\u00fade (Semusa) come\u00e7ou hoje a atuar em outra frente estrat\u00e9gica para o enfrentamento \u00e0\u00a0gripe A (H1N1): enfermeiros e t\u00e9cnicos ligados ao Departamento de Vigil\u00e2ncia em Sa\u00fade da Semusa est\u00e3o participando as informa\u00e7\u00f5es repassadas pelo Minist\u00e9rio da Sa\u00fade e pelo Comit\u00ea Estadual de Enfrentamento \u00e0 Influenza A (H1N1) ao maior n\u00famero poss\u00edvel de pessoas que possam se tornar multiplicadores e parceiros na sensibiliza\u00e7\u00e3o da popula\u00e7\u00e3o quanto \u00e0 aten\u00e7\u00e3o redobrada aos cuidados com higiene pessoal necess\u00e1rios para a preven\u00e7\u00e3o da nova gripe.<\/p>\n<p>Ontem pela manh\u00e3,\u00a0 enquanto uma equipe da Semusa ministrava palestra com v\u00eddeos educativos no audit\u00f3rio do Sindsef, no bairro Nova Bras\u00edlia, para 60 agentes sanit\u00e1rios, outra equipe ministrava a mesma palestra no audit\u00f3rio da Semed, no bairro Casa Preta, para diretores de escolas p\u00fablicas municipais.<\/p>\n<p>A inten\u00e7\u00e3o, de acordo com a diretora da Divis\u00e3o de Imuniza\u00e7\u00e3o, Daniela Aidar, \u00e9 formar multiplicadores que possam orientar a popula\u00e7\u00e3o quanto \u00e0 higiene pessoal b\u00e1sica, como lavar as m\u00e3os sempre que poss\u00edvel; evitar levar as m\u00e3os aos olhos e boca, evitar locais com grande aglomera\u00e7\u00e3o de pessoas; evitar o contato direto com pessoas que apresentem sintomas de qualquer tipo de gripe ou mesmo resfriado (tosse, espirro, coriza); procurar fazer uma dieta saud\u00e1vel para manter o organismo com imunidade alta, entre outros.<\/p>\n<p>Durante a semana, mais palestras educativas estar\u00e3o sendo ministradas no munic\u00edpio buscando a educa\u00e7\u00e3o como meio de se evitar a prolifera\u00e7\u00e3o do v\u00edrus da gripe A (H1N1).<\/p>\n","protected":false},"excerpt":{"rendered":"<p>A Secretaria Municipal de Sa\u00fade (Semusa) come\u00e7ou hoje a atuar em outra frente estrat\u00e9gica para o enfrentamento \u00e0\u00a0gripe A (H1N1): enfermeiros e t\u00e9cnicos ligados ao Departamento de Vigil\u00e2ncia em Sa\u00fade da Semusa est\u00e3o participando as informa\u00e7\u00f5es repassadas pelo Minist\u00e9rio da Sa\u00fade e pelo Comit\u00ea Estadual de Enfrentamento \u00e0 Influenza A (H1N1) ao maior n\u00famero poss\u00edvel [&hellip;]<\/p>\n","protected":false},"author":2,"featured_media":0,"comment_status":"open","ping_status":"open","sticky":false,"template":"","format":"standard","meta":{"tdm_status":"","tdm_grid_status":"","footnotes":""},"categories":[22,5],"tags":[],"class_list":{"0":"post-9063","1":"post","2":"type-post","3":"status-publish","4":"format-standard","6":"category-brasil","7":"category-saude-e-vida"},"_links":{"self":[{"href":"https:\/\/migracao.redenoticia.com.br\/noticia\/wp-json\/wp\/v2\/posts\/9063","targetHints":{"allow":["GET"]}}],"collection":[{"href":"https:\/\/migracao.redenoticia.com.br\/noticia\/wp-json\/wp\/v2\/posts"}],"about":[{"href":"https:\/\/migracao.redenoticia.com.br\/noticia\/wp-json\/wp\/v2\/types\/post"}],"author":[{"embeddable":true,"href":"https:\/\/migracao.redenoticia.com.br\/noticia\/wp-json\/wp\/v2\/users\/2"}],"replies":[{"embeddable":true,"href":"https:\/\/migracao.redenoticia.com.br\/noticia\/wp-json\/wp\/v2\/comments?post=9063"}],"version-history":[{"count":0,"href":"https:\/\/migracao.redenoticia.com.br\/noticia\/wp-json\/wp\/v2\/posts\/9063\/revisions"}],"wp:attachment":[{"href":"https:\/\/migracao.redenoticia.com.br\/noticia\/wp-json\/wp\/v2\/media?parent=9063"}],"wp:term":[{"taxonomy":"category","embeddable":true,"href":"https:\/\/migracao.redenoticia.com.br\/noticia\/wp-json\/wp\/v2\/categories?post=9063"},{"taxonomy":"post_tag","embeddable":true,"href":"https:\/\/migracao.redenoticia.com.br\/noticia\/wp-json\/wp\/v2\/tags?post=9063"}],"curies":[{"name":"wp","href":"https:\/\/api.w.org\/{rel}","templated":true}]}}