{"id":9065,"date":"2009-08-19T00:11:04","date_gmt":"2009-08-19T04:11:04","guid":{"rendered":"http:\/\/www.redenoticia.com.br\/noticia\/?p=9065"},"modified":"2009-08-19T00:11:04","modified_gmt":"2009-08-19T04:11:04","slug":"climatempo-no-sudeste-e-demais-regioes-do-brasil-nesta-quarta-feira-1908","status":"publish","type":"post","link":"https:\/\/migracao.redenoticia.com.br\/noticia\/2009\/climatempo-no-sudeste-e-demais-regioes-do-brasil-nesta-quarta-feira-1908\/9065","title":{"rendered":"Climatempo no Sudeste e demais Regi\u00f5es do Brasil nesta quarta-feira (19\/08)"},"content":{"rendered":"<p>Sudeste &#8211; Segundo o Climatempo nesta quarta-feira (19\/08), uma grande massa de ar mais seco predomina em todas as \u00e1reas do Sudeste. A temperatura sobe e faz calor \u00e0 tarde. O dia come\u00e7a com n\u00e9voa no leste paulista, mas logo o sol aparece. O Climatempo alerta que uma frente fria avan\u00e7a pelo Sul do Brasil e deixa o tempo bastante carregado principalmente em Santa Catarina e no Paran\u00e1. Nuvens carregadas associadas a este sistema tamb\u00e9m ganham for\u00e7a no Mato Grosso do Sul.<\/p>\n<p>Climatempo na Regi\u00e3o Sul do Brasil nesta quarta-feira (19\/08): na quarta-feira, uma nova frente fria deixa o tempo inst\u00e1vel no Sul. Sol e tempo firme apenas no norte paranaense e no centro-oeste do Rio Grande do Sul. O tempo fica chuvoso no noroeste e no nordeste ga\u00facho, no sul e no centro-oeste de Santa Catarina e no sudoeste do Paran\u00e1. No Vale do Itaja\u00ed, no leste ga\u00facho e nas demais \u00e1reas paranaenses, o sol aparece, mas a nebulosidade aumenta e chove.<\/p>\n<p>Climatempo na Regi\u00e3o Centro-Oeste do Brasil nesta quarta-feira (19\/08): na quarta-feira, grande parte do Centro-Oeste continua sob o predom\u00ednio de uma forte massa de ar seco que cobre grande parte do Pa\u00eds. O sol aparece no sul do Mato Grosso do Sul, mas \u00e1reas de instabilidade provocam pancadas de chuva. Nas demais \u00e1reas, o sol ainda aparece com for\u00e7a e n\u00e3o h\u00e1 previs\u00e3o de chuva.<\/p>\n<p>Climatempo na Regi\u00e3o Nordeste do Brasil nesta quarta-feira (19\/08): na quarta-feira, a instabilidade diminui no Nordeste. O sol brilha forte em todas as \u00e1reas. Sol, tempo firme e baixa umidade no interior da Regi\u00e3o. Chove apenas de forma passageira ao longo da faixa litor\u00e2nea do leste nordestino. Tempo firme e calor nas outras \u00e1reas.<\/p>\n<p>Climatempo na Regi\u00e3o Norte do Brasil nesta quarta-feira (19\/08): na quarta-feira, o ar seco ainda atua em boa parte da Regi\u00e3o Norte. O sol brilha forte em todos os Estados. Ocorrem pancadas de chuva no norte e no oeste do Amazonas, no oeste do Acre, em Roraima, no norte e no noroeste do Par\u00e1 e no Amap\u00e1. A umidade relativa do ar continua muito baixa no sul do Par\u00e1 e no Tocantins.\u00a0<\/p>\n<p>Sobre o Grupo Climatempo \u2013 O Grupo Climatempo \u00e9 a maior empresa privada de meteorologia do pa\u00eds. Uma holding formada pela Climatempo Consultoria, Ag\u00eancia Climatempo, a TV Climatempo e a CLIMANET (Internet, servi\u00e7os de tecnologia e inform\u00e1tica). Atualmente, o Grupo Climatempo fornece conte\u00fado para os principais portais do pa\u00eds, mais de 50 retransmissoras de televis\u00e3o do Brasil, r\u00e1dios e tem cerca de mil clientes. Os dois principais segmentos atendidos s\u00e3o o de agroneg\u00f3cios e meios de comunica\u00e7\u00e3o. Al\u00e9m destes, fornece conte\u00fado meteorol\u00f3gico estrat\u00e9gico para produtoras, a ind\u00fastria eletroeletr\u00f4nica e t\u00eaxtil, com\u00e9rcio, moda e turismo, constru\u00e7\u00e3o civil, setor de energia, entre outros setores<\/p>\n","protected":false},"excerpt":{"rendered":"<p>Sudeste &#8211; Segundo o Climatempo nesta quarta-feira (19\/08), uma grande massa de ar mais seco predomina em todas as \u00e1reas do Sudeste. A temperatura sobe e faz calor \u00e0 tarde. O dia come\u00e7a com n\u00e9voa no leste paulista, mas logo o sol aparece. O Climatempo alerta que uma frente fria avan\u00e7a pelo Sul do Brasil [&hellip;]<\/p>\n","protected":false},"author":3,"featured_media":0,"comment_status":"open","ping_status":"open","sticky":false,"template":"","format":"standard","meta":{"tdm_status":"","tdm_grid_status":"","footnotes":""},"categories":[22,327],"tags":[],"class_list":{"0":"post-9065","1":"post","2":"type-post","3":"status-publish","4":"format-standard","6":"category-brasil","7":"category-clima"},"_links":{"self":[{"href":"https:\/\/migracao.redenoticia.com.br\/noticia\/wp-json\/wp\/v2\/posts\/9065","targetHints":{"allow":["GET"]}}],"collection":[{"href":"https:\/\/migracao.redenoticia.com.br\/noticia\/wp-json\/wp\/v2\/posts"}],"about":[{"href":"https:\/\/migracao.redenoticia.com.br\/noticia\/wp-json\/wp\/v2\/types\/post"}],"author":[{"embeddable":true,"href":"https:\/\/migracao.redenoticia.com.br\/noticia\/wp-json\/wp\/v2\/users\/3"}],"replies":[{"embeddable":true,"href":"https:\/\/migracao.redenoticia.com.br\/noticia\/wp-json\/wp\/v2\/comments?post=9065"}],"version-history":[{"count":0,"href":"https:\/\/migracao.redenoticia.com.br\/noticia\/wp-json\/wp\/v2\/posts\/9065\/revisions"}],"wp:attachment":[{"href":"https:\/\/migracao.redenoticia.com.br\/noticia\/wp-json\/wp\/v2\/media?parent=9065"}],"wp:term":[{"taxonomy":"category","embeddable":true,"href":"https:\/\/migracao.redenoticia.com.br\/noticia\/wp-json\/wp\/v2\/categories?post=9065"},{"taxonomy":"post_tag","embeddable":true,"href":"https:\/\/migracao.redenoticia.com.br\/noticia\/wp-json\/wp\/v2\/tags?post=9065"}],"curies":[{"name":"wp","href":"https:\/\/api.w.org\/{rel}","templated":true}]}}