{"id":90658,"date":"2016-07-19T10:34:12","date_gmt":"2016-07-19T13:34:12","guid":{"rendered":"http:\/\/www.redenoticia.com.br\/noticia\/?p=90658"},"modified":"2016-07-18T20:35:10","modified_gmt":"2016-07-18T23:35:10","slug":"saude-ocular-confira-os-cuidados-necessarios-no-tempo-seco-e-frio","status":"publish","type":"post","link":"https:\/\/migracao.redenoticia.com.br\/noticia\/2016\/saude-ocular-confira-os-cuidados-necessarios-no-tempo-seco-e-frio\/90658","title":{"rendered":"Sa\u00fade ocular: confira os cuidados necess\u00e1rios no tempo seco e frio"},"content":{"rendered":"<p> Voc\u00ea sabia que \u00e9 preciso dobrar o cuidado com a <strong><em>sa\u00fade ocular<\/em><\/strong> no inverno? As baixas temperaturas aliadas \u00e0 polui\u00e7\u00e3o, \u00e0 alta incid\u00eancia de raios ultravioletas e ao tempo seco podem causar conjuntivite e a s\u00edndrome do olho seco. A Secretaria da Sa\u00fade d\u00e1 recomenda\u00e7\u00f5es importantes que v\u00e3o desde cuidados como n\u00e3o co\u00e7ar os olhos at\u00e9 o uso de \u00f3culos de sol.<\/p>\n<p>Veja as dicas para a manuten\u00e7\u00e3o da sa\u00fade ocular:<br \/>\n&#8211; N\u00e3o levar a m\u00e3o aos olhos<br \/>\n&#8211; Piscar os olhos mais vezes ao usar computadores, tablets e smartphones<br \/>\n&#8211; Manter o uso de \u00f3culos de sol mesmo nos dias nublados<br \/>\n&#8211; Evitar co\u00e7ar os olhos<br \/>\n&#8211; Manter os olhos hidratados por meio de col\u00edrios lubrificantes<\/p>\n<p>Do Portal do Governo do Estado SP<br \/>\n&#8212;<br \/>\nA Secretaria de Estado da Sa\u00fade de S\u00e3o Paulo &#8211; SES-SP \u00e9 respons\u00e1vel pela formula\u00e7\u00e3o da Pol\u00edtica Estadual de Sa\u00fade e de suas diretrizes, norteada pelos princ\u00edpios do Sistema \u00danico de Sa\u00fade &#8211; SUS, que tem como prop\u00f3sitos promover a sa\u00fade priorizando as a\u00e7\u00f5es preventivas, democratizando as informa\u00e7\u00f5es relevantes para que a popula\u00e7\u00e3o conhe\u00e7a seus direitos e os riscos \u00e0 sua sa\u00fade.<\/p>\n","protected":false},"excerpt":{"rendered":"<p>Voc\u00ea sabia que \u00e9 preciso dobrar o cuidado com a sa\u00fade ocular no inverno? As baixas temperaturas aliadas \u00e0 polui\u00e7\u00e3o, \u00e0 alta incid\u00eancia de raios ultravioletas e ao tempo seco podem causar conjuntivite e a s\u00edndrome do olho seco. A Secretaria da Sa\u00fade d\u00e1 recomenda\u00e7\u00f5es importantes que v\u00e3o desde cuidados como n\u00e3o co\u00e7ar os olhos [&hellip;]<\/p>\n","protected":false},"author":2,"featured_media":37376,"comment_status":"open","ping_status":"closed","sticky":false,"template":"","format":"standard","meta":{"tdm_status":"","tdm_grid_status":"","footnotes":""},"categories":[22,5],"tags":[],"class_list":{"0":"post-90658","1":"post","2":"type-post","3":"status-publish","4":"format-standard","5":"has-post-thumbnail","7":"category-brasil","8":"category-saude-e-vida"},"_links":{"self":[{"href":"https:\/\/migracao.redenoticia.com.br\/noticia\/wp-json\/wp\/v2\/posts\/90658","targetHints":{"allow":["GET"]}}],"collection":[{"href":"https:\/\/migracao.redenoticia.com.br\/noticia\/wp-json\/wp\/v2\/posts"}],"about":[{"href":"https:\/\/migracao.redenoticia.com.br\/noticia\/wp-json\/wp\/v2\/types\/post"}],"author":[{"embeddable":true,"href":"https:\/\/migracao.redenoticia.com.br\/noticia\/wp-json\/wp\/v2\/users\/2"}],"replies":[{"embeddable":true,"href":"https:\/\/migracao.redenoticia.com.br\/noticia\/wp-json\/wp\/v2\/comments?post=90658"}],"version-history":[{"count":0,"href":"https:\/\/migracao.redenoticia.com.br\/noticia\/wp-json\/wp\/v2\/posts\/90658\/revisions"}],"wp:featuredmedia":[{"embeddable":true,"href":"https:\/\/migracao.redenoticia.com.br\/noticia\/wp-json\/wp\/v2\/media\/37376"}],"wp:attachment":[{"href":"https:\/\/migracao.redenoticia.com.br\/noticia\/wp-json\/wp\/v2\/media?parent=90658"}],"wp:term":[{"taxonomy":"category","embeddable":true,"href":"https:\/\/migracao.redenoticia.com.br\/noticia\/wp-json\/wp\/v2\/categories?post=90658"},{"taxonomy":"post_tag","embeddable":true,"href":"https:\/\/migracao.redenoticia.com.br\/noticia\/wp-json\/wp\/v2\/tags?post=90658"}],"curies":[{"name":"wp","href":"https:\/\/api.w.org\/{rel}","templated":true}]}}