{"id":90686,"date":"2016-07-19T19:30:44","date_gmt":"2016-07-19T22:30:44","guid":{"rendered":"http:\/\/www.redenoticia.com.br\/noticia\/?p=90686"},"modified":"2016-07-19T14:48:11","modified_gmt":"2016-07-19T17:48:11","slug":"novela-cumplices-de-um-resgate-resumo-2007-otavio-volta-ao-trabalho-e-e-surpreendido-com-a-festa","status":"publish","type":"post","link":"https:\/\/migracao.redenoticia.com.br\/noticia\/2016\/novela-cumplices-de-um-resgate-resumo-2007-otavio-volta-ao-trabalho-e-e-surpreendido-com-a-festa\/90686","title":{"rendered":"Novela \u201cC\u00famplices de um Resgate\u201d resumo 20\/07: Ot\u00e1vio volta ao trabalho"},"content":{"rendered":"<p><img loading=\"lazy\" decoding=\"async\" class=\"alignleft size-thumbnail wp-image-71351\" src=\"https:\/\/migracao.redenoticia.com.br\/noticia\/imagens\/cumplices_de_um_resgate_sbt_novela_resumo-150x112.jpg\" alt=\"cumplices_de_um_resgate_sbt_novela_resumo\" width=\"150\" height=\"112\" srcset=\"https:\/\/migracao.redenoticia.com.br\/noticia\/imagens\/cumplices_de_um_resgate_sbt_novela_resumo-150x112.jpg 150w, https:\/\/migracao.redenoticia.com.br\/noticia\/imagens\/cumplices_de_um_resgate_sbt_novela_resumo-265x198.jpg 265w\" sizes=\"auto, (max-width: 150px) 100vw, 150px\" \/><strong><em>Novela \u201cC\u00famplices de um Resgate\u201d resumo 20\/07<\/em><\/strong>:\u00a0Fiorina e Nina conversam como deveria ser o casamento entre Helena e Pedro. Por\u00e9m, as duas se desentendem sobre ser o pastor ou o padre a celebrar a cerim\u00f4nia. Com a discuss\u00e3o, descobrem que uma n\u00e3o mandou flores para a outra. Assim, elas voltam a n\u00e3o gostar uma da outra. Enquanto isso, Ot\u00e1vio volta ao trabalho e \u00e9 surpreendido com a festa. Como o empres\u00e1rio perdeu a mem\u00f3ria recente, ele pergunta se Safira n\u00e3o foi trabalhar naquele dia.<\/p>\n<p>No cap\u00edtulo 253(*), novela \u201cC\u00famplice de um Resgate\u201d, quarta-feira, 20 de julho \u2013 Sabrina diz para T\u00e9o que agora \u00e9 a Super Sabrina. Andr\u00e9 vai tirar satisfa\u00e7\u00e3o com Jaime, que nega ter feito algo de errado. Ot\u00e1vio tem alta do hospital. Of\u00e9lio segue Regina para tentar descobrir aonde est\u00e1 Isabela.<\/p>\n<p>Fiorina e Nina conversam como deveria ser o casamento entre Helena e Pedro. Por\u00e9m, as duas se desentendem sobre ser o pastor ou o padre a celebrar a cerim\u00f4nia. Com a discuss\u00e3o, descobrem que uma n\u00e3o mandou flores para a outra.<\/p>\n<p>Ot\u00e1vio volta ao trabalho e \u00e9 surpreendido com a festa. Como o empres\u00e1rio perdeu a mem\u00f3ria recente, Ot\u00e1vio pergunta se Safira n\u00e3o foi trabalhar neste dia. Nina e Fiorina voltam a n\u00e3o gostar uma da outra.<\/p>\n<p>(*) edi\u00e7\u00e3o do SBT, Novela \u201cC\u00famplices de um Resgate\u201d, sujeito a altera\u00e7\u00e3o de data e conte\u00fado.<\/p>\n","protected":false},"excerpt":{"rendered":"<p>Novela \u201cC\u00famplices de um Resgate\u201d resumo 20\/07:\u00a0Fiorina e Nina conversam como deveria ser o casamento entre Helena e Pedro. Por\u00e9m, as duas se desentendem sobre ser o pastor ou o padre a celebrar a cerim\u00f4nia. Com a discuss\u00e3o, descobrem que uma n\u00e3o mandou flores para a outra. Assim, elas voltam a n\u00e3o gostar uma da [&hellip;]<\/p>\n","protected":false},"author":4,"featured_media":71351,"comment_status":"open","ping_status":"closed","sticky":false,"template":"","format":"standard","meta":{"tdm_status":"","tdm_grid_status":"","footnotes":""},"categories":[379,372,343],"tags":[441],"class_list":{"0":"post-90686","1":"post","2":"type-post","3":"status-publish","4":"format-standard","5":"has-post-thumbnail","7":"category-novelas","8":"category-sbt","9":"category-televisao","10":"tag-resumo-do-dia"},"_links":{"self":[{"href":"https:\/\/migracao.redenoticia.com.br\/noticia\/wp-json\/wp\/v2\/posts\/90686","targetHints":{"allow":["GET"]}}],"collection":[{"href":"https:\/\/migracao.redenoticia.com.br\/noticia\/wp-json\/wp\/v2\/posts"}],"about":[{"href":"https:\/\/migracao.redenoticia.com.br\/noticia\/wp-json\/wp\/v2\/types\/post"}],"author":[{"embeddable":true,"href":"https:\/\/migracao.redenoticia.com.br\/noticia\/wp-json\/wp\/v2\/users\/4"}],"replies":[{"embeddable":true,"href":"https:\/\/migracao.redenoticia.com.br\/noticia\/wp-json\/wp\/v2\/comments?post=90686"}],"version-history":[{"count":0,"href":"https:\/\/migracao.redenoticia.com.br\/noticia\/wp-json\/wp\/v2\/posts\/90686\/revisions"}],"wp:featuredmedia":[{"embeddable":true,"href":"https:\/\/migracao.redenoticia.com.br\/noticia\/wp-json\/wp\/v2\/media\/71351"}],"wp:attachment":[{"href":"https:\/\/migracao.redenoticia.com.br\/noticia\/wp-json\/wp\/v2\/media?parent=90686"}],"wp:term":[{"taxonomy":"category","embeddable":true,"href":"https:\/\/migracao.redenoticia.com.br\/noticia\/wp-json\/wp\/v2\/categories?post=90686"},{"taxonomy":"post_tag","embeddable":true,"href":"https:\/\/migracao.redenoticia.com.br\/noticia\/wp-json\/wp\/v2\/tags?post=90686"}],"curies":[{"name":"wp","href":"https:\/\/api.w.org\/{rel}","templated":true}]}}