{"id":90690,"date":"2016-07-19T15:40:39","date_gmt":"2016-07-19T18:40:39","guid":{"rendered":"http:\/\/www.redenoticia.com.br\/noticia\/?p=90690"},"modified":"2016-07-19T14:31:44","modified_gmt":"2016-07-19T17:31:44","slug":"novela-abismo-da-paixao-resumo-2007-ramona-fala-que-carmem-ja-estava-gravida-quando-se-casou-com-ele","status":"publish","type":"post","link":"https:\/\/migracao.redenoticia.com.br\/noticia\/2016\/novela-abismo-da-paixao-resumo-2007-ramona-fala-que-carmem-ja-estava-gravida-quando-se-casou-com-ele\/90690","title":{"rendered":"Novela \u201cAbismo da Paix\u00e3o\u201d resumo 20\/07: Ramona surpreende Augusto"},"content":{"rendered":"<p><img loading=\"lazy\" decoding=\"async\" class=\"alignleft size-thumbnail wp-image-81978\" src=\"https:\/\/migracao.redenoticia.com.br\/noticia\/imagens\/abismo_de_paixao_sbt_resumo_novela-150x112.jpg\" alt=\"abismo_de_paixao_sbt_resumo_novela\" width=\"150\" height=\"112\" srcset=\"https:\/\/migracao.redenoticia.com.br\/noticia\/imagens\/abismo_de_paixao_sbt_resumo_novela-150x112.jpg 150w, https:\/\/migracao.redenoticia.com.br\/noticia\/imagens\/abismo_de_paixao_sbt_resumo_novela-265x198.jpg 265w\" sizes=\"auto, (max-width: 150px) 100vw, 150px\" \/><strong><em>Novela \u201cAbismo da Paix\u00e3o\u201d resumo 20\/07<\/em><\/strong>:\u00a0Augusto pede desculpas a Dami\u00e3o por tudo o que fez e, nesse momento, chega Gael, que diz que o corpo encontrado na lagoa \u00e9 de K\u00eania. Padre Lupe faz Augusto entender que n\u00e3o \u00e9 o respons\u00e1vel pela morte de K\u00eania. Augusto questiona o padre quanto ao que ele sabe sobre Carmem, mas este o aconselha a procurar Ramona, para que saiba de uma vez por todas de tudo. Ent\u00e3o, Augusto vai at\u00e9 a cabana de Ramona e ela esclarece que, no dia do acidente em que Estef\u00e2nia e Rog\u00e9rio morreram, o carro estava vindo para o povoado, e n\u00e3o indo embora como todos pensam. Ela diz que quem ia fugir com Rog\u00e9rio era Carmem, e que Estef\u00e2nia tentava impedi-la. Ramona ainda fala que Carmem j\u00e1 estava gr\u00e1vida quando se casou com ele.<\/p>\n<p>No cap\u00edtulo 083 (*), novela \u201cAbismo da Paix\u00e3o\u201d, quarta-feira, 20 de julho \u2013 Augusto diz a Carmem que essa \u00e9 a \u00faltima noite que ele permite que ela fique em sua casa. Ramiro tenta pressionar Augusto para que ele assine um contrato de compra e venda. Lucio aconselha Augusto a n\u00e3o vender suas terras. Carmem finge estar surpresa quando Bet\u00e2nia entra apressada e informa que encontraram K\u00eania morta na lagoa. Augusto pede desculpas a Dami\u00e3o por tudo o que fez. Nesse momento chega Gael, que diz que o corpo encontrado na lagoa \u00e9 de K\u00eania. Por telefone, Ramiro diz a Carmem que Ingrid foi embora sem avisar, e que precisa dela em sua casa.<\/p>\n<p>Na cabana de Ramona, Paloma d\u00e1 a not\u00edcia a sua av\u00f3, dizendo que Dami\u00e3o e Elisa s\u00e3o meio irm\u00e3os. Na igreja, Elisa aconselha Gael a dar uma oportunidade para sua m\u00e3e. Padre Lupe faz Augusto entender que n\u00e3o \u00e9 o respons\u00e1vel pela morte de K\u00eania. Ramona chega a fazenda procurando por Augusto, mas ao ver Hor\u00e1cio prefere retirar-se. Augusto questiona Padre Lupe quanto ao que ele sabe sobre Carmem, mas este o aconselha a procurar Ramona, para que saiba de uma vez por todas de tudo. Flor\u00eancia se zanga quando \u00e9 confundida com Elisa por Dami\u00e3o. Elisa entrega a seu pai uma carta que encontrou, uma carta de K\u00eania. Dolores informa Augusto que Ramona foi procur\u00e1-lo, e que pediu que fosse a sua casa. Na casa de Carmem, Ramiro a amea\u00e7a com uma arma, dizendo que Ingrid pediu que ele vingasse K\u00eania.<\/p>\n<p>Na cabana de Ramona, ela esclarece para Augusto que no dia do acidente em que Estef\u00e2nia e Rog\u00e9rio morreram, o carro estava vindo para o povoado, e n\u00e3o indo embora como todos pensam. Ramona diz a Augusto que quem ia fugir com Rog\u00e9rio era Carmem, e que Estef\u00e2nia tentava impedi-la. Carmem diz a Ramiro que ele s\u00f3 serve para estar na cama e para cumprir as ordens de Almerinda e Ingrid. Ramiro se zanga e aponta a arma para Carmem. Carmem o desafia a atirar. Na cabana de Ramona, ela diz a Augusto que Carmem j\u00e1 estava gr\u00e1vida quando se casou com ele. Sabrina comenta com Paulo que eles precisam se casar, pois ela est\u00e1 gr\u00e1vida. Ramiro exige que Carmem confesse que foi ela quem matou K\u00eania.<\/p>\n<p>(*) edi\u00e7\u00e3o do SBT, Novela \u201cAbismo da Paix\u00e3o\u201d, sujeito a altera\u00e7\u00e3o de data e conte\u00fado.<\/p>\n","protected":false},"excerpt":{"rendered":"<p>Novela \u201cAbismo da Paix\u00e3o\u201d resumo 20\/07:\u00a0Augusto pede desculpas a Dami\u00e3o por tudo o que fez e, nesse momento, chega Gael, que diz que o corpo encontrado na lagoa \u00e9 de K\u00eania. Padre Lupe faz Augusto entender que n\u00e3o \u00e9 o respons\u00e1vel pela morte de K\u00eania. Augusto questiona o padre quanto ao que ele sabe sobre [&hellip;]<\/p>\n","protected":false},"author":4,"featured_media":81978,"comment_status":"open","ping_status":"closed","sticky":false,"template":"","format":"standard","meta":{"tdm_status":"","tdm_grid_status":"","footnotes":""},"categories":[379,372,343],"tags":[441],"class_list":{"0":"post-90690","1":"post","2":"type-post","3":"status-publish","4":"format-standard","5":"has-post-thumbnail","7":"category-novelas","8":"category-sbt","9":"category-televisao","10":"tag-resumo-do-dia"},"_links":{"self":[{"href":"https:\/\/migracao.redenoticia.com.br\/noticia\/wp-json\/wp\/v2\/posts\/90690","targetHints":{"allow":["GET"]}}],"collection":[{"href":"https:\/\/migracao.redenoticia.com.br\/noticia\/wp-json\/wp\/v2\/posts"}],"about":[{"href":"https:\/\/migracao.redenoticia.com.br\/noticia\/wp-json\/wp\/v2\/types\/post"}],"author":[{"embeddable":true,"href":"https:\/\/migracao.redenoticia.com.br\/noticia\/wp-json\/wp\/v2\/users\/4"}],"replies":[{"embeddable":true,"href":"https:\/\/migracao.redenoticia.com.br\/noticia\/wp-json\/wp\/v2\/comments?post=90690"}],"version-history":[{"count":0,"href":"https:\/\/migracao.redenoticia.com.br\/noticia\/wp-json\/wp\/v2\/posts\/90690\/revisions"}],"wp:featuredmedia":[{"embeddable":true,"href":"https:\/\/migracao.redenoticia.com.br\/noticia\/wp-json\/wp\/v2\/media\/81978"}],"wp:attachment":[{"href":"https:\/\/migracao.redenoticia.com.br\/noticia\/wp-json\/wp\/v2\/media?parent=90690"}],"wp:term":[{"taxonomy":"category","embeddable":true,"href":"https:\/\/migracao.redenoticia.com.br\/noticia\/wp-json\/wp\/v2\/categories?post=90690"},{"taxonomy":"post_tag","embeddable":true,"href":"https:\/\/migracao.redenoticia.com.br\/noticia\/wp-json\/wp\/v2\/tags?post=90690"}],"curies":[{"name":"wp","href":"https:\/\/api.w.org\/{rel}","templated":true}]}}