{"id":90728,"date":"2016-07-19T19:40:58","date_gmt":"2016-07-19T22:40:58","guid":{"rendered":"http:\/\/www.redenoticia.com.br\/noticia\/?p=90728"},"modified":"2016-07-19T15:46:01","modified_gmt":"2016-07-19T18:46:01","slug":"novela-sila-resumo-2007-sila-fala-com-emre-e-viaja-para-istambul","status":"publish","type":"post","link":"https:\/\/migracao.redenoticia.com.br\/noticia\/2016\/novela-sila-resumo-2007-sila-fala-com-emre-e-viaja-para-istambul\/90728","title":{"rendered":"Novela \u201cSila\u201d resumo 20\/07: Sila fala com Emre e viaja para Istambul"},"content":{"rendered":"<p> <img loading=\"lazy\" decoding=\"async\" class=\"alignleft size-thumbnail wp-image-83098\" src=\"https:\/\/migracao.redenoticia.com.br\/noticia\/imagens\/sila_band_novela_resumo_capitulo-150x112.jpg\" alt=\"sila_band_novela_resumo_capitulo\" width=\"150\" height=\"112\" srcset=\"https:\/\/migracao.redenoticia.com.br\/noticia\/imagens\/sila_band_novela_resumo_capitulo-150x112.jpg 150w, https:\/\/migracao.redenoticia.com.br\/noticia\/imagens\/sila_band_novela_resumo_capitulo-265x198.jpg 265w\" sizes=\"auto, (max-width: 150px) 100vw, 150px\" \/><strong><em> Novela \u201cSila\u201d resumo 20\/07<\/em><\/strong>: Emre faz uma surpresa e chega na casa de Boran para ver Sila e para conhecer seu filho. Emre visita Sila e chega caminhando. No entanto, Boran aparece e demonstra que n\u00e3o gosta da visita. Boran v\u00ea Emre com Bedirhan no colo e fica furioso de ci\u00fame. Emre diz que precisa de defini\u00e7\u00f5es nos neg\u00f3cios e, portanto, foi visit\u00e1-la. Logo depois, Sila perde mais uma das empresas do pai. Sila decide viajar e avisa Emre que, no dia seguinte, chega em Istambul. <\/p>\n<p>No capitulo 098(*), novela \u201cSila\u201d, quarta-feira, 20 de julho &#8211; Emre faz uma surpresa e chega na casa de Boran para ver Sila e para conhecer seu filho. Emre visita Sila e chega caminhando. No entanto, enquanto ele estava l\u00e1, Boran aparece e demonstra que n\u00e3o gosta da visita. Boran v\u00ea Emre com Bedirhan no colo e conversando com Sila. Boran fica furioso de ci\u00fame. Emre diz que precisa de defini\u00e7\u00f5es nos neg\u00f3cios e, portanto, foi visit\u00e1-la. Abay e Gizem se encontram em Mardin. Dilaver visita Burhan na pris\u00e3o e prop\u00f5e sociedade.<\/p>\n<p> Dilaver informa que tem um plano. Ele quer ser s\u00f3cio de Sila. Dilaver e Umu se casam. Burhan morre na pris\u00e3o. Sila perde mais uma das empresas do pai. Esma e Dilaver se unem contra Sila. Boran arranca o telefone da m\u00e3o de Sila quando percebe que ela est\u00e1 falando com Emre. Sila decide viajar e avisa Emre que, no dia seguinte, chega em Istambul. Dilaver tamb\u00e9m decide viajar para Istambul.<\/p>\n<p> Boran e Sila discutem e ela embarca para Istambul contra a vontade do marido. Dilaver aparece de surpresa na reuni\u00e3o entre Sila, Esma e Emre. Narin conta a Boran que Dilaver est\u00e1 em Istambul. Boran percebe o perigo que Sila corre e viaja na mesma hora para proteg\u00ea-la.<\/p>\n<p>(*) edi\u00e7\u00e3o da Band, Novela \u201cSila\u201d, sujeito a altera\u00e7\u00e3o de data e conte\u00fado.  <\/p>\n","protected":false},"excerpt":{"rendered":"<p>Novela \u201cSila\u201d resumo 20\/07: Emre faz uma surpresa e chega na casa de Boran para ver Sila e para conhecer seu filho. Emre visita Sila e chega caminhando. No entanto, Boran aparece e demonstra que n\u00e3o gosta da visita. Boran v\u00ea Emre com Bedirhan no colo e fica furioso de ci\u00fame. Emre diz que precisa [&hellip;]<\/p>\n","protected":false},"author":2,"featured_media":83098,"comment_status":"open","ping_status":"closed","sticky":false,"template":"","format":"standard","meta":{"tdm_status":"","tdm_grid_status":"","footnotes":""},"categories":[390,379,343],"tags":[441],"class_list":{"0":"post-90728","1":"post","2":"type-post","3":"status-publish","4":"format-standard","5":"has-post-thumbnail","7":"category-band","8":"category-novelas","9":"category-televisao","10":"tag-resumo-do-dia"},"_links":{"self":[{"href":"https:\/\/migracao.redenoticia.com.br\/noticia\/wp-json\/wp\/v2\/posts\/90728","targetHints":{"allow":["GET"]}}],"collection":[{"href":"https:\/\/migracao.redenoticia.com.br\/noticia\/wp-json\/wp\/v2\/posts"}],"about":[{"href":"https:\/\/migracao.redenoticia.com.br\/noticia\/wp-json\/wp\/v2\/types\/post"}],"author":[{"embeddable":true,"href":"https:\/\/migracao.redenoticia.com.br\/noticia\/wp-json\/wp\/v2\/users\/2"}],"replies":[{"embeddable":true,"href":"https:\/\/migracao.redenoticia.com.br\/noticia\/wp-json\/wp\/v2\/comments?post=90728"}],"version-history":[{"count":0,"href":"https:\/\/migracao.redenoticia.com.br\/noticia\/wp-json\/wp\/v2\/posts\/90728\/revisions"}],"wp:featuredmedia":[{"embeddable":true,"href":"https:\/\/migracao.redenoticia.com.br\/noticia\/wp-json\/wp\/v2\/media\/83098"}],"wp:attachment":[{"href":"https:\/\/migracao.redenoticia.com.br\/noticia\/wp-json\/wp\/v2\/media?parent=90728"}],"wp:term":[{"taxonomy":"category","embeddable":true,"href":"https:\/\/migracao.redenoticia.com.br\/noticia\/wp-json\/wp\/v2\/categories?post=90728"},{"taxonomy":"post_tag","embeddable":true,"href":"https:\/\/migracao.redenoticia.com.br\/noticia\/wp-json\/wp\/v2\/tags?post=90728"}],"curies":[{"name":"wp","href":"https:\/\/api.w.org\/{rel}","templated":true}]}}