{"id":9073,"date":"2009-08-19T11:04:30","date_gmt":"2009-08-19T15:04:30","guid":{"rendered":"http:\/\/www.redenoticia.com.br\/noticia\/?p=9073"},"modified":"2009-08-19T11:04:30","modified_gmt":"2009-08-19T15:04:30","slug":"pedro-leonardo-da-fazenda-lava-roupa-suja-em-o-melhor-do-brasil-na-record","status":"publish","type":"post","link":"https:\/\/migracao.redenoticia.com.br\/noticia\/2009\/pedro-leonardo-da-fazenda-lava-roupa-suja-em-o-melhor-do-brasil-na-record\/9073","title":{"rendered":"Pedro Leonardo da Fazenda lava roupa suja em O Melhor do Brasil na Record"},"content":{"rendered":"<p><a href=\"https:\/\/migracao.redenoticia.com.br\/noticia\/imagens\/\/pedro.jpg\"><img loading=\"lazy\" decoding=\"async\" class=\"alignleft size-medium wp-image-9074\" title=\"pedro\" src=\"https:\/\/migracao.redenoticia.com.br\/noticia\/imagens\/\/pedro-249x187.jpg\" alt=\"pedro\" width=\"249\" height=\"187\" \/><\/a>Neste s\u00e1bado, dia 22\/08, no programa O Melhor do Brasil a apresentadora da Record, Chris Flores e o ator de Bela, A Feia, Daniel Erthal, s\u00e3o os convidados do quadro Troca de Identidade. Eles ter\u00e3o que adivinhar o que se passa na cabe\u00e7a das mulheres nas ruas em diferentes situa\u00e7\u00f5es.No Lavando Roupa Suja, Pedro Leonardo, eliminado da semana de A Fazenda, rev\u00ea v\u00eddeos e comenta momentos importantes de sua participa\u00e7\u00e3o no reality show. O cantor fala das amizades, das brigas e comenta a personalidade dos companheiros de confinamento, al\u00e9m de declarar sua torcida pelo amigo Carlinhos.\u00a0<br \/>\nE o clima de romance est\u00e1 no ar com o Vai dar Namoro. Casais se conhecem no palco e podem engatar um compromisso s\u00e9rio. Ser\u00e1 que as garotas v\u00e3o topar conhecer melhor os pretendentes ou os candidatos v\u00e3o tomar o j\u00e1 famoso &#8220;toco&#8221;? Nesta semana, para comemorar cada &#8220;beij\u00e3o&#8221; entre os participantes, Rodrigo Faro promete imitar o cantor Sidney Magal.<\/p>\n<p>E mais: o quadro Vida de C\u00e3o apresenta algumas curiosidades e mordomias para os bichinhos de estima\u00e7\u00e3o. O Melhor do Brasil, vice-l\u00edder isolado nas tardes de s\u00e1bado da Record, \u00e9 exibido aos s\u00e1bados, a partir das 17h.<\/p>\n","protected":false},"excerpt":{"rendered":"<p>Neste s\u00e1bado, dia 22\/08, no programa O Melhor do Brasil a apresentadora da Record, Chris Flores e o ator de Bela, A Feia, Daniel Erthal, s\u00e3o os convidados do quadro Troca de Identidade. Eles ter\u00e3o que adivinhar o que se passa na cabe\u00e7a das mulheres nas ruas em diferentes situa\u00e7\u00f5es.No Lavando Roupa Suja, Pedro Leonardo, [&hellip;]<\/p>\n","protected":false},"author":3,"featured_media":0,"comment_status":"open","ping_status":"open","sticky":false,"template":"","format":"standard","meta":{"tdm_status":"","tdm_grid_status":"","footnotes":""},"categories":[22,343],"tags":[],"class_list":{"0":"post-9073","1":"post","2":"type-post","3":"status-publish","4":"format-standard","6":"category-brasil","7":"category-televisao"},"_links":{"self":[{"href":"https:\/\/migracao.redenoticia.com.br\/noticia\/wp-json\/wp\/v2\/posts\/9073","targetHints":{"allow":["GET"]}}],"collection":[{"href":"https:\/\/migracao.redenoticia.com.br\/noticia\/wp-json\/wp\/v2\/posts"}],"about":[{"href":"https:\/\/migracao.redenoticia.com.br\/noticia\/wp-json\/wp\/v2\/types\/post"}],"author":[{"embeddable":true,"href":"https:\/\/migracao.redenoticia.com.br\/noticia\/wp-json\/wp\/v2\/users\/3"}],"replies":[{"embeddable":true,"href":"https:\/\/migracao.redenoticia.com.br\/noticia\/wp-json\/wp\/v2\/comments?post=9073"}],"version-history":[{"count":0,"href":"https:\/\/migracao.redenoticia.com.br\/noticia\/wp-json\/wp\/v2\/posts\/9073\/revisions"}],"wp:attachment":[{"href":"https:\/\/migracao.redenoticia.com.br\/noticia\/wp-json\/wp\/v2\/media?parent=9073"}],"wp:term":[{"taxonomy":"category","embeddable":true,"href":"https:\/\/migracao.redenoticia.com.br\/noticia\/wp-json\/wp\/v2\/categories?post=9073"},{"taxonomy":"post_tag","embeddable":true,"href":"https:\/\/migracao.redenoticia.com.br\/noticia\/wp-json\/wp\/v2\/tags?post=9073"}],"curies":[{"name":"wp","href":"https:\/\/api.w.org\/{rel}","templated":true}]}}