{"id":90730,"date":"2016-07-19T19:46:57","date_gmt":"2016-07-19T22:46:57","guid":{"rendered":"http:\/\/www.redenoticia.com.br\/noticia\/?p=90730"},"modified":"2016-07-19T16:01:27","modified_gmt":"2016-07-19T19:01:27","slug":"novela-escrava-mae-resumo-2007-loreto-proibe-a-passeata-de-rosalinda","status":"publish","type":"post","link":"https:\/\/migracao.redenoticia.com.br\/noticia\/2016\/novela-escrava-mae-resumo-2007-loreto-proibe-a-passeata-de-rosalinda\/90730","title":{"rendered":"Novela \u201cEscrava M\u00e3e\u201d resumo 20\/07: Loreto pro\u00edbe a passeata de Rosalinda"},"content":{"rendered":"<p> <img loading=\"lazy\" decoding=\"async\" class=\"alignleft size-thumbnail wp-image-87037\" src=\"https:\/\/migracao.redenoticia.com.br\/noticia\/imagens\/escrava-mae-novela-resumo-150x112.jpg\" alt=\"escrava-mae-novela-resumo\" width=\"150\" height=\"112\" srcset=\"https:\/\/migracao.redenoticia.com.br\/noticia\/imagens\/escrava-mae-novela-resumo-150x112.jpg 150w, https:\/\/migracao.redenoticia.com.br\/noticia\/imagens\/escrava-mae-novela-resumo-265x198.jpg 265w\" sizes=\"auto, (max-width: 150px) 100vw, 150px\" \/><strong><em>Novela \u201cEscrava M\u00e3e\u201d resumo 20\/07<\/em><\/strong>: D\u00e1lia conta para Toz\u00e9 que Rosalinda pretende fazer uma marcha atestando a sa\u00fade das florzinhas, e que \u00e9 o momento para eles se apresentarem com a trupe. Rosalinda, Violeta e as florzinhas est\u00e3o prontas para a pesseata. Cartazes, p\u00e9tals de flores para serem jogadas e panelas para fazerem barulho, todas bem vestidas com os corpos a mostra. Elas desfilam pelas ruas e Loreto pro\u00edbe Rosalinda de continuar a passeata.<\/p>\n<p>No capitulo 037(*), novela \u201cEscrava M\u00e3e\u201d, quarta-feira, 20 de julho &#8211; Almeida fica pasmo com a determina\u00e7\u00e3o de Loreto. Almeida se irrita com Teresa que tenta ajuda-lo e \u00e9 empurrada pelo marido. Guilherme n\u00e3o se desculpa por chamar Catarina de negra e se recusa a jantar na mesa com eles e se retira. D\u00e1lia conversa com Toz\u00e9 que Rosalinda pretende fazer uma marcha atestando a sa\u00fade das florzinhas e que \u00e9 o momento para eles se apresentarem com a trupe. <\/p>\n<p>Esm\u00e9ria ainda tem o chicote nas m\u00e3os, mas est\u00e1 balan\u00e7ada pelas palavras de Juliana. Teresa fica furiosa diante de Maria Isabel e Miguel. Beatrice tenta conter a filha. Teresa entra pela senzala correndo e chorando e pergunta por Juliana que se espanta ao v\u00ea-la acorrentada. Catarina acorda e pisa levemente quando B\u00e1 Teixeira prepara o caf\u00e9 da manh\u00e3 e se surpreende ao v\u00ea-la. Catarina diz que ela n\u00e3o a viu ali e pede que B\u00e1 Teixeira arrume algu\u00e9m para leva-la de volta pra casa. <\/p>\n<p>Algu\u00e9m bate na porta e Catarina abre e d\u00e1 de cara com Beatrice. Filipa abra\u00e7a Gen\u00e9sio e fica feliz em v\u00ea-lo de volta. Filipa desafia Gen\u00e9sio a jogar capoeira. Rosalinda, Violeta e as florzinhas est\u00e3o prontas para a pesseata. Cartazes, p\u00e9tals de flores para serem jogadas e panelas para fazerem barulho, todas bem vestidas com os corpos a mostra. Maria Isabel vai at\u00e9 a senzala e v\u00ea Juliana solta. Maria Isabel diz a Juliana que por causa de sua desobedi\u00eancia quem vai para o castigo ser\u00e1 Tia Joaquina que se assusta.<\/p>\n<p>(*) edi\u00e7\u00e3o da Rede Record, Novela \u201cEscrava M\u00e3e\u201d, sujeito a altera\u00e7\u00e3o de data e conte\u00fado.<\/p>\n","protected":false},"excerpt":{"rendered":"<p>Novela \u201cEscrava M\u00e3e\u201d resumo 20\/07: D\u00e1lia conta para Toz\u00e9 que Rosalinda pretende fazer uma marcha atestando a sa\u00fade das florzinhas, e que \u00e9 o momento para eles se apresentarem com a trupe. Rosalinda, Violeta e as florzinhas est\u00e3o prontas para a pesseata. Cartazes, p\u00e9tals de flores para serem jogadas e panelas para fazerem barulho, todas [&hellip;]<\/p>\n","protected":false},"author":2,"featured_media":87037,"comment_status":"open","ping_status":"closed","sticky":false,"template":"","format":"standard","meta":{"tdm_status":"","tdm_grid_status":"","footnotes":""},"categories":[379,371,343],"tags":[441],"class_list":{"0":"post-90730","1":"post","2":"type-post","3":"status-publish","4":"format-standard","5":"has-post-thumbnail","7":"category-novelas","8":"category-rede-record","9":"category-televisao","10":"tag-resumo-do-dia"},"_links":{"self":[{"href":"https:\/\/migracao.redenoticia.com.br\/noticia\/wp-json\/wp\/v2\/posts\/90730","targetHints":{"allow":["GET"]}}],"collection":[{"href":"https:\/\/migracao.redenoticia.com.br\/noticia\/wp-json\/wp\/v2\/posts"}],"about":[{"href":"https:\/\/migracao.redenoticia.com.br\/noticia\/wp-json\/wp\/v2\/types\/post"}],"author":[{"embeddable":true,"href":"https:\/\/migracao.redenoticia.com.br\/noticia\/wp-json\/wp\/v2\/users\/2"}],"replies":[{"embeddable":true,"href":"https:\/\/migracao.redenoticia.com.br\/noticia\/wp-json\/wp\/v2\/comments?post=90730"}],"version-history":[{"count":0,"href":"https:\/\/migracao.redenoticia.com.br\/noticia\/wp-json\/wp\/v2\/posts\/90730\/revisions"}],"wp:featuredmedia":[{"embeddable":true,"href":"https:\/\/migracao.redenoticia.com.br\/noticia\/wp-json\/wp\/v2\/media\/87037"}],"wp:attachment":[{"href":"https:\/\/migracao.redenoticia.com.br\/noticia\/wp-json\/wp\/v2\/media?parent=90730"}],"wp:term":[{"taxonomy":"category","embeddable":true,"href":"https:\/\/migracao.redenoticia.com.br\/noticia\/wp-json\/wp\/v2\/categories?post=90730"},{"taxonomy":"post_tag","embeddable":true,"href":"https:\/\/migracao.redenoticia.com.br\/noticia\/wp-json\/wp\/v2\/tags?post=90730"}],"curies":[{"name":"wp","href":"https:\/\/api.w.org\/{rel}","templated":true}]}}