{"id":90777,"date":"2016-07-20T19:45:43","date_gmt":"2016-07-20T22:45:43","guid":{"rendered":"http:\/\/www.redenoticia.com.br\/noticia\/?p=90777"},"modified":"2016-07-20T17:20:02","modified_gmt":"2016-07-20T20:20:02","slug":"novela-carrossel-resumo-2107-olivia-recebe-a-primeira-mensagem-subliminar","status":"publish","type":"post","link":"https:\/\/migracao.redenoticia.com.br\/noticia\/2016\/novela-carrossel-resumo-2107-olivia-recebe-a-primeira-mensagem-subliminar\/90777","title":{"rendered":"Novela \u201cCarrossel\u201d resumo 21\/07: Ol\u00edvia recebe mensagens dos alunos"},"content":{"rendered":"<p><img loading=\"lazy\" decoding=\"async\" class=\"alignleft size-thumbnail wp-image-82147\" src=\"https:\/\/migracao.redenoticia.com.br\/noticia\/imagens\/Carrossel_resumo_novela_sbt-150x112.jpg\" alt=\"Carrossel_resumo_novela_sbt\" width=\"150\" height=\"112\" srcset=\"https:\/\/migracao.redenoticia.com.br\/noticia\/imagens\/Carrossel_resumo_novela_sbt-150x112.jpg 150w, https:\/\/migracao.redenoticia.com.br\/noticia\/imagens\/Carrossel_resumo_novela_sbt-265x198.jpg 265w\" sizes=\"auto, (max-width: 150px) 100vw, 150px\" \/><strong><em>Novela \u201cCarrossel\u201d resumo 21\/07<\/em><\/strong>:\u00a0as crian\u00e7as se re\u00fanem na casa abandonada e come\u00e7am a colocar em pr\u00e1tica o plano de fazer com que a professora Helena d\u00ea aula para o quarto ano. Ol\u00edvia recebe a primeira mensagem subliminar que diz: Estat\u00edsticas apontam que alunos do ensino fundamental progridem mais quando seguem com a mesma professora nos anos seguintes. A diretora fica inconformada e rasga a correspond\u00eancia. Depois, M\u00e1rio e Daniel tentam cumprir a outra parte do plano na floricultura. Ol\u00edvia chega ao local, Daniel coloca o buqu\u00ea de flores em cima do balc\u00e3o e a diretora se surpreenda com outro bilhete que diz: Ningu\u00e9m separa aquilo que o amor uniu. A diretora desconfia que a mensagem tenha vindo do vendedor e os garotos acreditam que Ol\u00edvia n\u00e3o tenha entendido a mensagem.<\/p>\n<p>No cap\u00edtulo 355 (*), novela \u201cCarrossel\u201d, quinta-feira, 21 de julho \u2013 As crian\u00e7as se re\u00fanem na casa abandonada e come\u00e7am a colocar em pr\u00e1tica o plano de fazer com que a professora Helena d\u00ea aula para o quarto ano. Ol\u00edvia recebe a primeira mensagem subliminar que diz: \u201cEstat\u00edsticas apontam que alunos do ensino fundamental progridem mais quando seguem com a mesma professora nos anos seguintes\u201d. A diretora fica inconformada e rasga a correspond\u00eancia.<\/p>\n<p>M\u00e1rio e Daniel tentam cumprir a outra parte do plano na floricultura, mas Rabito entra no local, rouba uma flor e foge. Jorge est\u00e1 triste e entediado em casa, Rosana se preocupa com o filho e fala para garoto ir brincar. O riquinho diz \u00e0 m\u00e3e que n\u00e3o tem amigos. Ela lembra o filho de seus outros amigos ricos, mas nenhum deles quer brincar com Jorge. Maria Antonieta continua triste, mas o mauricinho n\u00e3o entende o motivo e estranha o comportamento da cachorra.<\/p>\n<p>Ol\u00edvia chega \u00e0 floricultura, Daniel coloca o buqu\u00ea de flores em cima do balc\u00e3o e a diretora se surpreenda com outro bilhete que diz: \u201cNingu\u00e9m separa aquilo que o amor uniu\u201d. A diretora desconfia que a mensagem tenha vindo do vendedor e os garotos acreditam que Ol\u00edvia n\u00e3o tenha entendido a mensagem. Rabito leva a rosa para Maria Antonieta, mas Jorge o expulso do lugar. Val\u00e9ria e Jaime v\u00e3o \u00e0 farm\u00e1cia e se escondem. Ol\u00edvia vai buscar seus rem\u00e9dios e as crian\u00e7as colocam um panfleto em cima do balc\u00e3o, a diretora l\u00ea o papel com a seguinte mensagem: \u201cVoc\u00ea \u00e9 diretora de escola? N\u00e3o consegue dormir por causa da bagun\u00e7a dos alunos? Principalmente por aqueles pestinhas do terceiro ano? Chegou Helenol, contra dores de cabe\u00e7a causada por alunismo\u201d.<\/p>\n<p>(*) edi\u00e7\u00e3o do SBT, Novela \u201cCarrossel\u201d, sujeito a altera\u00e7\u00e3o de data e conte\u00fado.<\/p>\n","protected":false},"excerpt":{"rendered":"<p>Novela \u201cCarrossel\u201d resumo 21\/07:\u00a0as crian\u00e7as se re\u00fanem na casa abandonada e come\u00e7am a colocar em pr\u00e1tica o plano de fazer com que a professora Helena d\u00ea aula para o quarto ano. Ol\u00edvia recebe a primeira mensagem subliminar que diz: Estat\u00edsticas apontam que alunos do ensino fundamental progridem mais quando seguem com a mesma professora nos [&hellip;]<\/p>\n","protected":false},"author":4,"featured_media":82147,"comment_status":"open","ping_status":"closed","sticky":false,"template":"","format":"standard","meta":{"tdm_status":"","tdm_grid_status":"","footnotes":""},"categories":[379,372,343],"tags":[441],"class_list":{"0":"post-90777","1":"post","2":"type-post","3":"status-publish","4":"format-standard","5":"has-post-thumbnail","7":"category-novelas","8":"category-sbt","9":"category-televisao","10":"tag-resumo-do-dia"},"_links":{"self":[{"href":"https:\/\/migracao.redenoticia.com.br\/noticia\/wp-json\/wp\/v2\/posts\/90777","targetHints":{"allow":["GET"]}}],"collection":[{"href":"https:\/\/migracao.redenoticia.com.br\/noticia\/wp-json\/wp\/v2\/posts"}],"about":[{"href":"https:\/\/migracao.redenoticia.com.br\/noticia\/wp-json\/wp\/v2\/types\/post"}],"author":[{"embeddable":true,"href":"https:\/\/migracao.redenoticia.com.br\/noticia\/wp-json\/wp\/v2\/users\/4"}],"replies":[{"embeddable":true,"href":"https:\/\/migracao.redenoticia.com.br\/noticia\/wp-json\/wp\/v2\/comments?post=90777"}],"version-history":[{"count":0,"href":"https:\/\/migracao.redenoticia.com.br\/noticia\/wp-json\/wp\/v2\/posts\/90777\/revisions"}],"wp:featuredmedia":[{"embeddable":true,"href":"https:\/\/migracao.redenoticia.com.br\/noticia\/wp-json\/wp\/v2\/media\/82147"}],"wp:attachment":[{"href":"https:\/\/migracao.redenoticia.com.br\/noticia\/wp-json\/wp\/v2\/media?parent=90777"}],"wp:term":[{"taxonomy":"category","embeddable":true,"href":"https:\/\/migracao.redenoticia.com.br\/noticia\/wp-json\/wp\/v2\/categories?post=90777"},{"taxonomy":"post_tag","embeddable":true,"href":"https:\/\/migracao.redenoticia.com.br\/noticia\/wp-json\/wp\/v2\/tags?post=90777"}],"curies":[{"name":"wp","href":"https:\/\/api.w.org\/{rel}","templated":true}]}}